{"id":376129,"date":"2025-11-25T15:22:25","date_gmt":"2025-11-25T21:22:25","guid":{"rendered":"https:\/\/www.elplaneta.mx\/?p=376129"},"modified":"2025-11-25T15:22:30","modified_gmt":"2025-11-25T21:22:30","slug":"este-lunes-hubo-protestas-y-suspension-de-clases-en-cuatro-escuelas-de-victoria","status":"publish","type":"post","link":"https:\/\/www.elplaneta.mx\/?p=376129","title":{"rendered":"Este lunes hubo protestas y suspensi\u00f3n de clases en cuatro escuelas de Victoria"},"content":{"rendered":"<div class=\"wp-block-image\">\n<figure class=\"alignleft size-full is-resized\"><img loading=\"lazy\" decoding=\"async\" width=\"660\" height=\"464\" src=\"https:\/\/www.elplaneta.mx\/wp-content\/themes\/elplaneta\/FOTOS\/25V369485847576.jpg\" alt=\"\" class=\"wp-image-376130\" style=\"width:524px;height:auto\" srcset=\"https:\/\/www.elplaneta.mx\/wp-content\/themes\/elplaneta\/FOTOS\/25V369485847576.jpg 660w, https:\/\/www.elplaneta.mx\/wp-content\/themes\/elplaneta\/FOTOS\/25V369485847576-300x211.jpg 300w\" sizes=\"auto, (max-width: 660px) 100vw, 660px\" \/><\/figure><\/div>\n\n\n<p>Ciudad Victoria, Tamaulipas, M\u00e9xico, Am\u00e9rica.- Alumnos de la Secundaria General N\u00famero 3 &#8216;Rafael Balandrano Balandrano&#8217;, ubicada en la colonia Independencia de Ciudad Victoria, se quedaron sin clases este lunes luego de que padres de familia cerraran el plantel en protesta por la falta de director.<\/p>\n\n\n\n<p>La presi\u00f3n surgi\u00f3 ante la ausencia de respuesta por parte de la Secretar\u00eda de Educaci\u00f3n de Tamaulipas (SET), ya que, seg\u00fan los manifestantes, la escuela acumula casi seis a\u00f1os sin una autoridad directiva.<\/p>\n\n\n\n<p>\u201cLlevamos ya seis a\u00f1os sin director, pero adem\u00e1s faltan maestros y los que vienen no dan clases porque no hay autoridad, no hay quien les diga nada\u201d, expres\u00f3 una de las madres inconformes.<\/p>\n\n\n\n<p>De acuerdo con los padres, la falta de direcci\u00f3n ha derivado tambi\u00e9n en otros conflictos, como peleas entre estudiantes y fricciones entre docentes y alumnos.<\/p>\n\n\n\n<p>La SET inform\u00f3 que el cargo de directora ser\u00e1 asumido por la actual subdirectora del plantel, por lo que las clases deber\u00e1n reanudarse de manera habitual a partir de este martes.<\/p>\n\n\n\n<p>El conflicto no fue aislado. Tambi\u00e9n este lunes hubo protesta y suspensi\u00f3n de clases en la primaria &#8216;Hermilio Obreg\u00f3n Aguilar&#8217;, del fraccionamiento Ampliaci\u00f3n Industrial, donde padres exigieron la destituci\u00f3n del director por supuesta omisi\u00f3n ante un caso recurrente de violencia escolar. De acuerdo con los tutores, el problema involucra a un alumno de quinto a\u00f1o con presunta condici\u00f3n de autismo, se\u00f1alado por agresiones f\u00edsicas y conductas inapropiadas hacia otros menores.<\/p>\n\n\n\n<p>En la primaria &#8216;Pedro J. M\u00e9ndez&#8217;, en R\u00edo Bravo, tampoco hubo clases debido a la falta de directora, mientras que, en la primaria &#8216;Corregidora&#8217;, de Nuevo Laredo, se registr\u00f3 un altercado despu\u00e9s de que a una estudiante presuntamente se le neg\u00f3 la inscripci\u00f3n por no cubrir una cuota escolar.<\/p>\n","protected":false},"excerpt":{"rendered":"<p>Ciudad Victoria, Tamaulipas, M\u00e9xico, Am\u00e9rica.- Alumnos de la Secundaria General N\u00famero 3 &#8216;Rafael Balandrano Balandrano&#8217;,&#8230;<\/p>\n","protected":false},"author":1,"featured_media":376130,"comment_status":"open","ping_status":"open","sticky":false,"template":"","format":"standard","meta":{"footnotes":""},"categories":[20],"tags":[],"class_list":["post-376129","post","type-post","status-publish","format-standard","has-post-thumbnail","hentry","category-tamaulipas"],"gutentor_comment":0,"_links":{"self":[{"href":"https:\/\/www.elplaneta.mx\/index.php?rest_route=\/wp\/v2\/posts\/376129","targetHints":{"allow":["GET"]}}],"collection":[{"href":"https:\/\/www.elplaneta.mx\/index.php?rest_route=\/wp\/v2\/posts"}],"about":[{"href":"https:\/\/www.elplaneta.mx\/index.php?rest_route=\/wp\/v2\/types\/post"}],"author":[{"embeddable":true,"href":"https:\/\/www.elplaneta.mx\/index.php?rest_route=\/wp\/v2\/users\/1"}],"replies":[{"embeddable":true,"href":"https:\/\/www.elplaneta.mx\/index.php?rest_route=%2Fwp%2Fv2%2Fcomments&post=376129"}],"version-history":[{"count":1,"href":"https:\/\/www.elplaneta.mx\/index.php?rest_route=\/wp\/v2\/posts\/376129\/revisions"}],"predecessor-version":[{"id":376131,"href":"https:\/\/www.elplaneta.mx\/index.php?rest_route=\/wp\/v2\/posts\/376129\/revisions\/376131"}],"wp:featuredmedia":[{"embeddable":true,"href":"https:\/\/www.elplaneta.mx\/index.php?rest_route=\/wp\/v2\/media\/376130"}],"wp:attachment":[{"href":"https:\/\/www.elplaneta.mx\/index.php?rest_route=%2Fwp%2Fv2%2Fmedia&parent=376129"}],"wp:term":[{"taxonomy":"category","embeddable":true,"href":"https:\/\/www.elplaneta.mx\/index.php?rest_route=%2Fwp%2Fv2%2Fcategories&post=376129"},{"taxonomy":"post_tag","embeddable":true,"href":"https:\/\/www.elplaneta.mx\/index.php?rest_route=%2Fwp%2Fv2%2Ftags&post=376129"}],"curies":[{"name":"wp","href":"https:\/\/api.w.org\/{rel}","templated":true}]}}