{"id":376243,"date":"2025-11-28T13:17:46","date_gmt":"2025-11-28T19:17:46","guid":{"rendered":"https:\/\/www.elplaneta.mx\/?p=376243"},"modified":"2025-11-28T13:17:51","modified_gmt":"2025-11-28T19:17:51","slug":"americo-villarreal-se-reune-con-claudia","status":"publish","type":"post","link":"https:\/\/www.elplaneta.mx\/?p=376243","title":{"rendered":"Am\u00e9rico Villarreal se re\u00fane con Claudia"},"content":{"rendered":"\n<p>Por Roberto Olvera P\u00e9rez<\/p>\n\n\n\n<p>De acuerdo a la agenda de este martes 25 de noviembre del gobierno de Tamaulipas, el gobernador Am\u00e9rico Villarreal Anaya, sostuvo una importante reuni\u00f3n de trabajo con la presidenta de M\u00e9xico, Claudia Sheinbaum Pardo, en Palacio Nacional, para revisar y afinar proyectos estrat\u00e9gicos que fortalecer\u00e1n al estado y garantizar\u00e1n que el bienestar llegue a cada rinc\u00f3n.<\/p>\n\n\n\n<p>De acuerdo con el mandatario estatal, el encuentro permiti\u00f3 dar seguimiento a las acciones que su administraci\u00f3n implementa en coordinaci\u00f3n con el Gobierno Federal para fortalecer la seguridad p\u00fablica, avanzar en obras estrat\u00e9gicas y promover la atracci\u00f3n de inversiones, as\u00ed como generar m\u00e1s empleos y el bienestar de las familias tamaulipecas.<\/p>\n\n\n\n<p>Es as\u00ed como: \u201cTamaulipas avanza firme, de la mano de la Presidenta y de su Gobierno, trabajando juntos por un futuro con m\u00e1s oportunidades para todas y todos\u201d.<\/p>\n\n\n\n<p>Villarreal Anaya destac\u00f3 que la colaboraci\u00f3n con la Federaci\u00f3n es clave para consolidar proyectos que beneficien tanto a la entidad como al pa\u00eds y refrend\u00f3 su compromiso de mantener un trabajo coordinado con la Presidencia de la Rep\u00fablica.<\/p>\n\n\n\n<p>Al t\u00e9rmino de la reuni\u00f3n, el mandatario estatal agradeci\u00f3 la apertura y disposici\u00f3n del Gobierno de M\u00e9xico para trabajar en conjunto. \u201cAgradezco a la Presidenta por recibirnos en Palacio Nacional. Tuvimos una excelente reuni\u00f3n de trabajo donde platicamos de las acciones que estamos llevando a cabo en varios rubros de suma importancia para Tamaulipas\u201d, dijo el mandatario tamaulipeco.<\/p>\n\n\n\n<p>&nbsp; NOTAS CORTAS<\/p>\n\n\n\n<p>&nbsp;&nbsp;&nbsp;&nbsp;&nbsp;&nbsp;&nbsp;&nbsp;&nbsp; 1.- Por cierto, ahora que llegue de la Ciudad de M\u00e9xico, el gobernador Am\u00e9rico Villarreal Anaya, ser\u00eda bueno preguntarle de que m\u00e1s platic\u00f3 largo y tendido con la presidenta Claudia Sheinbaum en bien de las y los Tamaulipecos.<\/p>\n\n\n\n<p>&nbsp;&nbsp;&nbsp;&nbsp;&nbsp;&nbsp;&nbsp;&nbsp;&nbsp;&nbsp;&nbsp; 2.- Leer para crecer. La lectura es una actividad importante para el desarrollo infantil en muchos aspectos, incluyendo la salud f\u00edsica y mental. Tambi\u00e9n los libros son un recurso imprescindible para su proceso formativo, les permiten imaginar, descubrir, viajar y conocer sobre el mundo que los rodea. Es as\u00ed como desde el municipio de D\u00edaz Ordaz, que preside su alcaldesa Nataly Garc\u00eda D\u00edaz, nos informan que se dar\u00e1 a partir de hoy el primer paso a un proyecto de lectura para inspirar a las ni\u00f1as, ni\u00f1os y j\u00f3venes de este municipio fronterizo.<\/p>\n\n\n\n<p>Ser\u00e1 en la Esc. Primaria Elisa Guerra de Olloqui, donde a trav\u00e9s de c\u00edrculos de lectura y biblioteca m\u00f3vil y mediante 2 acciones con las que se cierra este 2025 en bien de la ni\u00f1ez, por lo que, creemos profundamente que cada libro puede abrir una puerta, encender una idea y transformar una vida. Por eso, siempre, siempre apostaremos por la educaci\u00f3n, porque ah\u00ed nace el futuro que queremos para nuestra comunidad, dijo la alcaldesa y tambien maestra Nataly Garc\u00eda D\u00edaz.<\/p>\n\n\n\n<p>Por hoy es todo, en la pr\u00f3xima seguiremos dialogando del acontecer pol\u00edtico tamaulipeco.<\/p>\n","protected":false},"excerpt":{"rendered":"<p>Por Roberto Olvera P\u00e9rez De acuerdo a la agenda de este martes 25 de noviembre&#8230;<\/p>\n","protected":false},"author":1,"featured_media":0,"comment_status":"closed","ping_status":"closed","sticky":false,"template":"","format":"standard","meta":{"footnotes":""},"categories":[5],"tags":[],"class_list":["post-376243","post","type-post","status-publish","format-standard","hentry","category-opinion"],"gutentor_comment":0,"_links":{"self":[{"href":"https:\/\/www.elplaneta.mx\/index.php?rest_route=\/wp\/v2\/posts\/376243","targetHints":{"allow":["GET"]}}],"collection":[{"href":"https:\/\/www.elplaneta.mx\/index.php?rest_route=\/wp\/v2\/posts"}],"about":[{"href":"https:\/\/www.elplaneta.mx\/index.php?rest_route=\/wp\/v2\/types\/post"}],"author":[{"embeddable":true,"href":"https:\/\/www.elplaneta.mx\/index.php?rest_route=\/wp\/v2\/users\/1"}],"replies":[{"embeddable":true,"href":"https:\/\/www.elplaneta.mx\/index.php?rest_route=%2Fwp%2Fv2%2Fcomments&post=376243"}],"version-history":[{"count":2,"href":"https:\/\/www.elplaneta.mx\/index.php?rest_route=\/wp\/v2\/posts\/376243\/revisions"}],"predecessor-version":[{"id":376245,"href":"https:\/\/www.elplaneta.mx\/index.php?rest_route=\/wp\/v2\/posts\/376243\/revisions\/376245"}],"wp:attachment":[{"href":"https:\/\/www.elplaneta.mx\/index.php?rest_route=%2Fwp%2Fv2%2Fmedia&parent=376243"}],"wp:term":[{"taxonomy":"category","embeddable":true,"href":"https:\/\/www.elplaneta.mx\/index.php?rest_route=%2Fwp%2Fv2%2Fcategories&post=376243"},{"taxonomy":"post_tag","embeddable":true,"href":"https:\/\/www.elplaneta.mx\/index.php?rest_route=%2Fwp%2Fv2%2Ftags&post=376243"}],"curies":[{"name":"wp","href":"https:\/\/api.w.org\/{rel}","templated":true}]}}