{"id":376246,"date":"2025-11-28T13:40:24","date_gmt":"2025-11-28T19:40:24","guid":{"rendered":"https:\/\/www.elplaneta.mx\/?p=376246"},"modified":"2025-11-28T13:40:29","modified_gmt":"2025-11-28T19:40:29","slug":"el-alcalde-de-victoria-suspende-ilegalmente-bono-a-regidores","status":"publish","type":"post","link":"https:\/\/www.elplaneta.mx\/?p=376246","title":{"rendered":"El Alcalde de Victoria, suspende ilegalmente bono a Regidores"},"content":{"rendered":"<div class=\"wp-block-image\">\n<figure class=\"alignleft size-full\"><img loading=\"lazy\" decoding=\"async\" width=\"415\" height=\"350\" src=\"https:\/\/www.elplaneta.mx\/wp-content\/themes\/elplaneta\/FOTOS\/Regidora-Adriana-Bejar-Flores.jpg\" alt=\"\" class=\"wp-image-376247\" srcset=\"https:\/\/www.elplaneta.mx\/wp-content\/themes\/elplaneta\/FOTOS\/Regidora-Adriana-Bejar-Flores.jpg 415w, https:\/\/www.elplaneta.mx\/wp-content\/themes\/elplaneta\/FOTOS\/Regidora-Adriana-Bejar-Flores-300x253.jpg 300w\" sizes=\"auto, (max-width: 415px) 100vw, 415px\" \/><figcaption class=\"wp-element-caption\">Regidora Adriana B\u00e9jar Flores<\/figcaption><\/figure><\/div>\n\n\n<p>Ciudad Victoria, Tamaulipas, M\u00e9xico, Am\u00e9rica.- El Alcalde de Victoria, Eduardo Gatt\u00e1s B\u00e1ez, enfrenta un nuevo se\u00f1alamiento de violencia pol\u00edtica hacia las mujeres, el cual ya est\u00e1 en manos del Tribunal Electoral de Tamaulipas (TRIETAM). La denuncia fue interpuesta por la Regidora del partido Morena, Adriana B\u00e9jar Flores, quien confirm\u00f3 que la acci\u00f3n se debe a que, desde mayo, se le suspendi\u00f3 de manera unilateral el pago de un bono de 30 mil pesos, que se entrega trimestralmente a todos los integrantes del cabildo.<\/p>\n\n\n\n<p>B\u00e9jar Flores explic\u00f3 que la situaci\u00f3n fue tratada inicialmente con la encargada de la tesorer\u00eda municipal, Mar\u00eda Guadalupe De los Reyes Acosta, quien canaliz\u00f3 el caso a la Secretar\u00eda del Ayuntamiento, a cargo de Huberto Res\u00e9ndez, sin que hasta el momento se le haya dado ninguna explicaci\u00f3n sobre la suspensi\u00f3n ni se le haya reintegrado el pago correspondiente.<\/p>\n\n\n\n<p>\u201cEste bono no representa un ingreso adicional solicitado por m\u00ed, sino que queda dentro de los ingresos que, por derecho y por ley, se pueden pagar a los integrantes de un ayuntamiento, en este caso a m\u00ed como regidora. No rebasa para nada la cantidad que est\u00e1 estipulada en la ley, que debe ser el rango de ingresos que puede recibir un regidor, para que quede claro\u201d, se\u00f1al\u00f3 B\u00e9jar Flores.<\/p>\n\n\n\n<p>La integrante del cabildo puntualiz\u00f3 que su \u00fanica intenci\u00f3n es obtener una respuesta favorable y que se protejan los derechos de las mujeres frente a actos de violencia pol\u00edtica.<\/p>\n\n\n\n<p>\u201cSimplemente lo que uno busca es justicia, equidad, que se reconozcan nuestros derechos. Como cualquier otro ciudadano, si no podemos hacerlo valer quienes somos integrantes de un ayuntamiento, \u00bfqu\u00e9 puede esperar la poblaci\u00f3n? Simplemente se trata de justicia y de derechos que se deben ejercer, as\u00ed como obligaciones que se tienen que cumplir: acatar la ley, nada m\u00e1s\u201d, expres\u00f3.<\/p>\n\n\n\n<p>Cabe se\u00f1alar que la administraci\u00f3n de Gatt\u00e1s B\u00e1ez se ha caracterizado por mostrar un patr\u00f3n de discriminaci\u00f3n y violencia pol\u00edtica no solo hacia las mujeres del cabildo, sino tambi\u00e9n en otras \u00e1reas. Un ejemplo de ello es el caso de la directora del DIF Municipal, Patricia Reyes Gonz\u00e1lez, quien, por haber denunciado diversas irregularidades al interior del organismo, entre ellas nepotismo, fue objeto de acoso laboral y retenci\u00f3n de salarios en su momento.<\/p>\n\n\n\n<p>Otro caso similar fue el de la secretaria de Desarrollo Urbano y Medio Ambiente del municipio, Cristina Mayela Lav\u00edn, quien, a principios de este a\u00f1o, tuvo que recurrir a un recurso de amparo tras haber sido despedida de manera injustificada luego de solicitar una incapacidad por embarazo.<\/p>\n\n\n\n<p>A esta lista tambi\u00e9n se suman la regidora Edith Mata Gracia y la s\u00edndico Gracia Fuentes, quienes recientemente tambi\u00e9n denunciaron violencia pol\u00edtica y de g\u00e9nero por parte de Gatt\u00e1s B\u00e1ez.<\/p>\n","protected":false},"excerpt":{"rendered":"<p>Ciudad Victoria, Tamaulipas, M\u00e9xico, Am\u00e9rica.- El Alcalde de Victoria, Eduardo Gatt\u00e1s B\u00e1ez, enfrenta un nuevo&#8230;<\/p>\n","protected":false},"author":1,"featured_media":376247,"comment_status":"open","ping_status":"open","sticky":false,"template":"","format":"standard","meta":{"footnotes":""},"categories":[20,150],"tags":[],"class_list":["post-376246","post","type-post","status-publish","format-standard","has-post-thumbnail","hentry","category-tamaulipas","category-victoria-2"],"gutentor_comment":0,"_links":{"self":[{"href":"https:\/\/www.elplaneta.mx\/index.php?rest_route=\/wp\/v2\/posts\/376246","targetHints":{"allow":["GET"]}}],"collection":[{"href":"https:\/\/www.elplaneta.mx\/index.php?rest_route=\/wp\/v2\/posts"}],"about":[{"href":"https:\/\/www.elplaneta.mx\/index.php?rest_route=\/wp\/v2\/types\/post"}],"author":[{"embeddable":true,"href":"https:\/\/www.elplaneta.mx\/index.php?rest_route=\/wp\/v2\/users\/1"}],"replies":[{"embeddable":true,"href":"https:\/\/www.elplaneta.mx\/index.php?rest_route=%2Fwp%2Fv2%2Fcomments&post=376246"}],"version-history":[{"count":1,"href":"https:\/\/www.elplaneta.mx\/index.php?rest_route=\/wp\/v2\/posts\/376246\/revisions"}],"predecessor-version":[{"id":376248,"href":"https:\/\/www.elplaneta.mx\/index.php?rest_route=\/wp\/v2\/posts\/376246\/revisions\/376248"}],"wp:featuredmedia":[{"embeddable":true,"href":"https:\/\/www.elplaneta.mx\/index.php?rest_route=\/wp\/v2\/media\/376247"}],"wp:attachment":[{"href":"https:\/\/www.elplaneta.mx\/index.php?rest_route=%2Fwp%2Fv2%2Fmedia&parent=376246"}],"wp:term":[{"taxonomy":"category","embeddable":true,"href":"https:\/\/www.elplaneta.mx\/index.php?rest_route=%2Fwp%2Fv2%2Fcategories&post=376246"},{"taxonomy":"post_tag","embeddable":true,"href":"https:\/\/www.elplaneta.mx\/index.php?rest_route=%2Fwp%2Fv2%2Ftags&post=376246"}],"curies":[{"name":"wp","href":"https:\/\/api.w.org\/{rel}","templated":true}]}}