{"id":376249,"date":"2025-11-28T13:45:28","date_gmt":"2025-11-28T19:45:28","guid":{"rendered":"https:\/\/www.elplaneta.mx\/?p=376249"},"modified":"2025-11-28T13:45:33","modified_gmt":"2025-11-28T19:45:33","slug":"un-gobernador-de-5-anos","status":"publish","type":"post","link":"https:\/\/www.elplaneta.mx\/?p=376249","title":{"rendered":"Un gobernador de 5 a\u00f1os"},"content":{"rendered":"\n<p>Por Felipe Mart\u00ednez Ch\u00e1vez<\/p>\n\n\n\n<p>Cd. Victoria, Tamaulipas.- Nunca como ahora hay grillos madrugadores que quieren acelerar los tiempos electorales, sobre todo quienes se desviven por las alcald\u00edas.<\/p>\n\n\n\n<p>En Victoria brincaron al ruedo media docena de cr\u00e1neos, pese a que el proceso iniciar\u00e1 en la primera quincena de septiembre del 2026, cuando se instale el Consejo General del IETAM\u2026Si es que no lo han \u201cfallecido\u201d.<\/p>\n\n\n\n<p>Inexpertos como \u201cTico\u201d Garc\u00eda y \u201cJuanjo\u201d Salazar no alcanzan a entender que en el tema las cosas no se pueden apresurar. Hay sus tiempos.<\/p>\n\n\n\n<p>La recomendaci\u00f3n es que guarden serenidad y paciencia (como Kalim\u00e1n), no acelerarse porque del plato a la boca se cae la sopa.<\/p>\n\n\n\n<p>Esto lo sabe muy bien otro de los susodichos, Hugo Res\u00e9ndez Silva, quien ya levant\u00f3 la mano rumbo al 17 Hidalgo. Act\u00faa con el coraz\u00f3n ardiente y la cabeza fr\u00eda, sin paroxismos. Las precampa\u00f1as a veces son perjudiciales. Hay anhelos que se acarician en privado y, con buena suerte, al rato ver\u00e1 pasar los ata\u00fades de sus contrincantes.<\/p>\n\n\n\n<p>Guardar sobre todo disciplina al partido es vital. Si no te toca hoy, te llegar\u00e1 ma\u00f1ana. No hay que sudar calenturas in\u00fatiles.<\/p>\n\n\n\n<p>En Tamaulipas como en el resto del pa\u00eds el tema electoral est\u00e1 paralizado, en status quo. Surgir\u00e1n luces cuando la Presidenta Claudia Sheinbaum env\u00ede a la C\u00e1mara de Diputados la iniciativa de Reforma Electoral, ahora en consulta, que puede ser ah\u00ed por enero. El \u00faltimo foro es el 10 de diciembre en Yucat\u00e1n.<\/p>\n\n\n\n<p>Habr\u00e1 rebote en Tamaulipas. Tendr\u00edan que reformarse la Constituci\u00f3n y Leyes secundarias. Pueden desaparecer el IETAM y el Tribunal Electoral, que la verdad salen sobrando. El grueso de la tarea lo sacan instancias federales.<\/p>\n\n\n\n<p>Y no hay que olvidar que Tamaulipas tiene pendiente empatar la elecci\u00f3n de la gubernatura con los procesos federales. Digo, si se trata de ahorrar plata seg\u00fan la austeridad republicana.<\/p>\n\n\n\n<p>En 2027 viene la madre de todas las batallas. Los candidatos a alcaldes y diputados locales y federales se dar\u00e1n hasta con la cubeta. La ciudadan\u00eda se distraer\u00e1 de sus ocupaciones productivas y del d\u00eda a d\u00eda. No es posible que el aparato electoral tenga que reactivarse en 2028 para renovar la gubernatura.<\/p>\n\n\n\n<p>A buen entendedor pocas palabras.<\/p>\n\n\n\n<p>Esta regi\u00f3n es de las pocas en que no coincide lo local con lo federal. Es as\u00ed porque en su tiempo no lo quiso el Gobernador Egidio Torre Cant\u00fa. Solo empat\u00f3 ayuntamientos y diputaciones (que fueron de dos a\u00f1os).<\/p>\n\n\n\n<p>Es oportunidad para el gobierno americanista defina el tema.<\/p>\n\n\n\n<p>Hay sus tiempos desde luego. Cualquier reforma debe aprobarse y publicarse por lo menos 90 d\u00edas antes del inicio del proceso, digamos que en la primera quincena de junio del 2026.<\/p>\n\n\n\n<p>Como la Ley no puede ser retroactiva, Am\u00e9rico tiene que cumplir su sexenio. Ya el siguiente podr\u00eda ser por cinco a\u00f1os.<\/p>\n\n\n\n<p>Le tocar\u00eda elecci\u00f3n local intermedia de alcaldes y diputados en 2030 -junto con la presidencial, senadores y diputados federales- para decirle adi\u00f3s a Palacio en el 33\u00b4. F\u00e1cil \u00bfno?.<\/p>\n\n\n\n<p>Volviendo con los acelerados, no por mucho madrugar amanece m\u00e1s temprano. A m\u00e1s tardar el 17 de diciembre del 2026 (m\u00e1s de un a\u00f1o) los partidos deben definir m\u00e9todo de selecci\u00f3n de sus candidatos -dedazo todos- para informarlo al Instituto Electoral -si es que existe- antes del 20 del mismo mes.<\/p>\n\n\n\n<p>Ojo: Las precampa\u00f1as son del 20 de enero al 28 de febrero \u00a1de 2027! Seg\u00fan la legislaci\u00f3n vigente.<\/p>\n\n\n\n<p>Como lo m\u00e1s posible es que la reglamentaci\u00f3n cambie, decir a los madrugadores -de todos los partidos o independientes- que se tranquilicen. Habr\u00e1 nuevas reglas que los pueden sacar del juego. Por lo pronto deben ponerse buzos caperuzos.<\/p>\n\n\n\n<p>T\u00e9cnicos de la Universidad Aut\u00f3noma de Tamaulipas est\u00e1n bien metidos con el tema de la generaci\u00f3n de energ\u00edas. El Rector D\u00e1maso Anaya particip\u00f3 en el Congreso Internacional de Energ\u00eda que se desarrolla en Tampico, en que reafirm\u00f3 la colaboraci\u00f3n de la casa de cultura en proyectos que impulsa el Gobernador Villarreal Anaya.<\/p>\n\n\n\n<p>La casa de estudios mont\u00f3 una amplia exposici\u00f3n de servicios, programas y proyectos universitarios vinculados al sector, as\u00ed como las capacidades de sinergia con el Gobierno del Estado.<\/p>\n\n\n\n<p>Participaron \u00e1reas en que prestan servicios especializados, como el Instituto de Ingenier\u00eda y Ciencias, Instituto de Energ\u00eda, Centro de Investigaci\u00f3n y Desarrollo en Ingenier\u00eda Portuaria, Centro de Innovaci\u00f3n y Transferencia del Conocimiento y el Instituto de Ecolog\u00eda Aplicada.<\/p>\n\n\n\n<p>Hablando de diputados locales, Humberto Prieto Herrera, presidente de las Junta de Gobierno del Congreso de Tamaulipas, se coloc\u00f3 en el cuarto lugar nacional de mejores legisladores en el \u00faltimo a\u00f1o seg\u00fan opiniones de la propia ciudadan\u00eda. Se calific\u00f3 desempe\u00f1o legislativo, acuerdos parlamentarios, gesti\u00f3n e impacto social.<\/p>\n\n\n\n<p>Con valoraci\u00f3n de senadores y diputados federales, es el \u00fanico de los 32 estados que se coloc\u00f3 en los primeros cinco espacios, seg\u00fan la p\u00e1gina encuestadora congresistasmx.<\/p>\n","protected":false},"excerpt":{"rendered":"<p>Por Felipe Mart\u00ednez Ch\u00e1vez Cd. Victoria, Tamaulipas.- Nunca como ahora hay grillos madrugadores que quieren&#8230;<\/p>\n","protected":false},"author":1,"featured_media":0,"comment_status":"open","ping_status":"open","sticky":false,"template":"","format":"standard","meta":{"footnotes":""},"categories":[5],"tags":[],"class_list":["post-376249","post","type-post","status-publish","format-standard","hentry","category-opinion"],"gutentor_comment":0,"_links":{"self":[{"href":"https:\/\/www.elplaneta.mx\/index.php?rest_route=\/wp\/v2\/posts\/376249","targetHints":{"allow":["GET"]}}],"collection":[{"href":"https:\/\/www.elplaneta.mx\/index.php?rest_route=\/wp\/v2\/posts"}],"about":[{"href":"https:\/\/www.elplaneta.mx\/index.php?rest_route=\/wp\/v2\/types\/post"}],"author":[{"embeddable":true,"href":"https:\/\/www.elplaneta.mx\/index.php?rest_route=\/wp\/v2\/users\/1"}],"replies":[{"embeddable":true,"href":"https:\/\/www.elplaneta.mx\/index.php?rest_route=%2Fwp%2Fv2%2Fcomments&post=376249"}],"version-history":[{"count":1,"href":"https:\/\/www.elplaneta.mx\/index.php?rest_route=\/wp\/v2\/posts\/376249\/revisions"}],"predecessor-version":[{"id":376250,"href":"https:\/\/www.elplaneta.mx\/index.php?rest_route=\/wp\/v2\/posts\/376249\/revisions\/376250"}],"wp:attachment":[{"href":"https:\/\/www.elplaneta.mx\/index.php?rest_route=%2Fwp%2Fv2%2Fmedia&parent=376249"}],"wp:term":[{"taxonomy":"category","embeddable":true,"href":"https:\/\/www.elplaneta.mx\/index.php?rest_route=%2Fwp%2Fv2%2Fcategories&post=376249"},{"taxonomy":"post_tag","embeddable":true,"href":"https:\/\/www.elplaneta.mx\/index.php?rest_route=%2Fwp%2Fv2%2Ftags&post=376249"}],"curies":[{"name":"wp","href":"https:\/\/api.w.org\/{rel}","templated":true}]}}