{"id":376298,"date":"2025-11-29T21:16:22","date_gmt":"2025-11-30T03:16:22","guid":{"rendered":"https:\/\/www.elplaneta.mx\/?p=376298"},"modified":"2025-11-29T21:16:27","modified_gmt":"2025-11-30T03:16:27","slug":"perdieron-su-oportunidad","status":"publish","type":"post","link":"https:\/\/www.elplaneta.mx\/?p=376298","title":{"rendered":"Perdieron su oportunidad\u2026"},"content":{"rendered":"\n<p>Por Marco Antonio V\u00e1zquez Villanueva<\/p>\n\n\n\n<p>Con un cinismo que raya en la locura, el dirigente del PRI en Tamaulipas, Bruno D\u00edaz, en una entrevista de radio acusaba de todo a los gobiernos de Morena para casi gritar, a los cuatro vientos, que \u201cnosotros si apoyamos al campo\u201d.<\/p>\n\n\n\n<p>La realidad es que al analizar, mientras se le escuchaba, si el PRI aprovech\u00f3 la enorme oportunidad de cambiar de caras, de alejarse de los vicios, de los nefastos que lo despedazaron y que lo convirtieron en la cuarta fuerza pol\u00edtica del Estado, llegamos a la conclusi\u00f3n de que siguen siendo los mismos c\u00ednicos de siempre.<\/p>\n\n\n\n<p>Dir\u00e1 usted que igual hay que observar a Morena, el partido que hoy por hoy es la primera fuerza pol\u00edtica del Estado por voluntad del ciudadano, de los tamaulipecos que se hartaron de tanta violencia, inseguridad, desempleo, pobreza, sobre todo, que estaban hasta la madre de no ver una luz, de no tener por lo menos una esperanza, y tiene raz\u00f3n, pero vamos por partes.<\/p>\n\n\n\n<p>El PRI, por lo pronto, muestra su nuevo rostro y las formas que emplea en la relaci\u00f3n con su militancia, le insisto, se siguen pareciendo mucho a los de ayer, el mismo cinismo, y ahora hasta acusan de todo y sin embargo no pasan de ser una mala oposici\u00f3n, porque no hacen mella sus acusaciones, la raz\u00f3n es simple, ellos gobernaron peor, son, en la percepci\u00f3n ciudadana, la encarnaci\u00f3n de la corrupci\u00f3n y la impunidad.<\/p>\n\n\n\n<p>Les damos un punto bueno a los del PRI, hay que reconocer que el tricolor creo muchas instituciones y hasta se deshizo de mucho de lo peorcito que ten\u00eda all\u00e1 cuando gan\u00f3 AMLO, el asunto, y para desgracia del pueblo, es que no fue por voluntad propia, nos referimos a que en el pasado reciente vimos a mucho de lo malo del tricolor apoyar y hasta gobernar con Andr\u00e9s Manuel L\u00f3pez Obrador, con Morena, y todos so\u00f1ando en ser Diputados, Senadores, alcaldes, regidores o, ya por lo menos, estar en las n\u00f3minas de las delegaciones federales que muchos saben son m\u00e1s jugosos botines que un puesto de elecci\u00f3n popular y, sin embargo el PRI como partido no cambio nada, su dirigencia nacional sigue siendo acusada de cosas peores y en los Estados contin\u00faan con los mismos vicios y comportamientos de siempre, antidemocr\u00e1ticos, el partido parece un club de amigos, a veces una agencia de colocaciones para familiares, amigos, amiguitas y amiguitos, para no pasar de ah\u00ed.<\/p>\n\n\n\n<p>Todav\u00eda seguimos esperando que cambien como prometieron hacerlo all\u00e1 cuando algunos de los malos quisieron desprenderse, ve\u00edamos al tricolor reorganizarse, pero nos quedamos con las ganas de que terminaran ese proceso.<\/p>\n\n\n\n<p>En cuanto a Morena tambi\u00e9n est\u00e1n en una encrucijada, se est\u00e1n entregando a los brazos del gobierno y se atan de manos en los temas que los llevaron al poder, la protesta en el campo, la violencia en la ciudad, entre muchas cosas m\u00e1s, pero la diferencia es que el partido guinda no pesa, no existe y no causa mella en las preferencias electorales tal comportamiento.<\/p>\n\n\n\n<p>Ahora, para continuar con el PRI, es una realidad cuando hablan de algunos descontentos, el problema es que ni siquiera les vale ser as\u00ed, porque se necesita ser muy c\u00ednico para acusar cuando ellos fueron peor y siguen igual, la prueba es que la gente sigue sin quererles y sin creerles.<\/p>\n\n\n\n<p>Con todo y ello, estamos convencidos de algo, ambos partidos, PRI y Morena, necesitan cambiar y hacemos votos para que los dichos de sus dirigentes se hagan realidad, que se les d\u00e9 oportunidad a quienes trabajen y se mande a la basura de la historia pol\u00edtica a los corruptos, a los saqueadores, a los flojos o flojas que no han hecho otra cosa que dar pena y robar presupuestos sin hacer nada con el argumento de que los de antes dejaron todo bien mal.<\/p>\n\n\n\n<p>Porque esa es una realidad, este Tamaulipas ya no aguanta a m\u00e1s pol\u00edticos que lo \u00fanico que hacen es simular trabajo a base de gritos y sombrerazos como el dirigente del PRI, Bruno D\u00edaz, que se quejan pero solo mientras que buscan la forma de quedarse con el dinero del pueblo accediendo al poder y los presupuestos, a los cuales da la impresi\u00f3n que solo pretenden regresar para desviar obras o que las ganancias se queden con sus amigos, familiares y c\u00f3mplices.<\/p>\n\n\n\n<p>Un hecho es que hay pol\u00edticos buenos en todos los partidos, por eso es un avance que se hable de los mismos en este momento, porque tenemos que comprobar que unos, los que ahora gobiernan, se sigan obligando en transformar a M\u00e9xico mientras los otros, los tricolores que ahora alzan la voz, no regresen m\u00e1s al poder si siguen siendo los mismos, digo, nadie puede negar, hasta hoy, que perdieron su oportunidad de cambiar, con los dichos de Bruno D\u00edaz, queda hasta comprobado que nos mienten, que ni siquiera reconocen que ellos nos metieron en todos los problemas que ahora sufrimos y de los que acusan a Morena como si hubieran sido de generaci\u00f3n instant\u00e1nea, como si el pueblo no tuviera memoria\u2026<\/p>\n\n\n\n<p>PRESIDENTA SHEINBAUM BRINDA UN APOYO SIN PRECEDENTE AL SECTOR SALUD: AM\u00c9RICO\u2026 Al inaugurar el Segundo Simposio Actualidades Hemato-Oncol\u00f3gicas en Tamaulipas, el gobernador Am\u00e9rico Villarreal Anaya afirm\u00f3 que su gobierno est\u00e1 comprometido con la salud de las y los tamaulipecos para seguir sum\u00e1ndose a este momento de transformaci\u00f3n que encabeza la presidenta Claudia Sheinbaum y su disposici\u00f3n para brindar un apoyo sin precedente al sector salud en el pa\u00eds.<\/p>\n\n\n\n<p>\u201cSe los digo como compa\u00f1ero en el \u00e1mbito de la salud y con m\u00e1s de 35 a\u00f1os de estar desempe\u00f1ando esta vocaci\u00f3n, que nunca hab\u00edamos visto una voluntad pol\u00edtica de un presidente y de una presidenta de la Rep\u00fablica como la que hoy se tiene para arreglar y componer un sistema de salud y dar los recursos necesarios para hacerlo\u201d, expres\u00f3 durante el evento efectuado en el Auditorio del Centro Cultural Tamaulipas.<\/p>\n\n\n\n<p>Ante especialistas, acad\u00e9micos, personal m\u00e9dico, estudiantes y representantes de organizaciones sociales que participan en este congreso, el mandatario tamaulipeco convoc\u00f3 a las y los presentes a seguir haciendo el m\u00e1s grande esfuerzo para tener el gusto de ver a cada vez m\u00e1s ni\u00f1os tocar la campana del Hospital Infantil cuando han logrado la curaci\u00f3n de sus padecimientos oncol\u00f3gicos.<\/p>\n\n\n\n<p>\u201cHoy me da mucho gusto acompa\u00f1arlos y que con esta sensibilidad que siempre ha caracterizado al Hospital Infantil de Tamaulipas lo hagamos en el enfoque de la hemato-oncolog\u00eda infantil pedi\u00e1trica, porque creo que no hay nada m\u00e1s sensible en una sociedad a la que nos debamos dedicar y atender\u201d, expres\u00f3.<\/p>\n\n\n\n<p>TAMAULIPAS CUENTA CON EL 100% DE LOS MEDICAMENTOS ONCOL\u00d3GICOS\u2026 Por su parte, Marggid Rodr\u00edguez Avenda\u00f1o, coordinador estatal del IMSS-Bienestar, destac\u00f3 que, gracias al esfuerzo compartido entre Estado y Federaci\u00f3n, Tamaulipas cuenta actualmente con el 100% de los f\u00e1rmacos oncol\u00f3gicos necesarios e indispensables para atender a la ni\u00f1ez de nuestro estado.<\/p>\n\n\n\n<p>\u201cCon gran satisfacci\u00f3n les digo que Tamaulipas, con los principios establecidos por la presidenta de M\u00e9xico, la doctora Claudia Sheinbaum, y la conducci\u00f3n del director general del IMSS-Bienestar Nacional, el doctor Alejandro Svarch, es ejemplo en todo el pa\u00eds de trabajo altamente efectivo y en equipo\u201d, mencion\u00f3.<\/p>\n\n\n\n<p>EN TAMAULIPAS LA SALUD ES Y SEGUIR\u00c1 SIENDO UNA PRIORIDAD ABSOLUTA\u2026 En su intervenci\u00f3n, el secretario de Salud, Vicente Joel Hern\u00e1ndez Navarro, record\u00f3 que desde el inicio de su administraci\u00f3n el gobernador ha tenido como prioridad fortalecer la detecci\u00f3n, el diagn\u00f3stico oportuno, la referencia r\u00e1pida y la atenci\u00f3n integral del c\u00e1ncer.<\/p>\n\n\n\n<p>\u201cUsted siempre nos ha recordado que una vida salvada, un tratamiento iniciado a tiempo, una quimioterapia garantizada, no es solo un logro m\u00e9dico, es un acto profundamente humano y es un acto de justicia\u201d, dijo.<\/p>\n\n\n\n<p>\u201cHoy en este segundo simposio renovamos una promesa: que en Tamaulipas la salud es y seguir\u00e1 siendo una prioridad absoluta, no solamente porque lo marca la ley, sino porque lo exige nuestra conciencia y nuestro coraz\u00f3n. Se\u00f1or gobernador, gracias por convertir la salud en una causa de Estado y en una causa humana. Gracias por recordar que detr\u00e1s de cada pol\u00edtica p\u00fablica debe haber amor por nuestra gente\u201d, agreg\u00f3.<\/p>\n\n\n\n<p>Al dar la bienvenida al evento, Vicente Plascencia Valadez, director del Hospital Infantil, explic\u00f3 que este a\u00f1o siete ni\u00f1os y ni\u00f1as han logrado tocar la campana en se\u00f1al de que han superado su padecimiento, por lo que confi\u00f3 en que este congreso sirva para que el conocimiento y la experiencia sean compartidos y trasciendan en favor de la salud de m\u00e1s ni\u00f1os.<\/p>\n\n\n\n<p>En el evento inaugural tambi\u00e9n estuvieron presentes Irma Barrag\u00e1n Alvarado, directora general de Enfermer\u00eda de la Secretar\u00eda de Salud; el diputado V\u00edctor Garc\u00eda Fuentes, presidente de la Comisi\u00f3n de Salud del Congreso local; y el delegado del IMSS en Tamaulipas, Jos\u00e9 Luis Aranza Aguilar.<\/p>\n\n\n\n<p>CON VISI\u00d3N HUMANISTA ESTUDIANTES DE LA UAT TRANSFORMAN CRUCES PEATONALES\u2026 Estudiantes de la Facultad de Arquitectura, Dise\u00f1o y Urbanismo (FADU) de la Universidad Aut\u00f3noma de Tamaulipas (UAT) desarrollaron propuestas innovadoras de cruces peatonales para mejorar la seguridad y la identidad visual dentro del Centro Universitario Sur (Campus Tampico).<\/p>\n\n\n\n<p>Las propuestas forman parte de la actividad acad\u00e9mica denominada Repentina de Urbanismo: \u201cCruces con identidad y seguridad UAT Campus Sur\u201d, orientada a fortalecer las competencias esenciales para el ejercicio profesional de la arquitectura y el urbanismo.<\/p>\n\n\n\n<p>La din\u00e1mica se desarroll\u00f3 durante el Segundo Congreso Internacional de Urbanismo \u201cHabitar el Ma\u00f1ana: Las Ciudades y sus Nuevas Formas de Conexi\u00f3n Urbana\u201d, organizado con la SEDUMA en el marco de la conmemoraci\u00f3n del D\u00eda del Urbanismo.<\/p>\n\n\n\n<p>A lo largo de dos jornadas, equipos integrados por estudiantes de Arquitectura trabajaron en la elaboraci\u00f3n de propuestas de dise\u00f1o para cruces peatonales ubicados en siete puntos estrat\u00e9gicos del centro universitario.<\/p>\n\n\n\n<p>Durante su actividad, las y los estudiantes trabajaron a contrarreloj para dise\u00f1ar soluciones creativas y funcionales, en una jornada que promueve la reflexi\u00f3n, la innovaci\u00f3n y la comprensi\u00f3n integral de las din\u00e1micas urbanas contempor\u00e1neas.<\/p>\n\n\n\n<p>Los proyectos creados se orientaron a mejorar la movilidad, priorizar al peat\u00f3n e integrar elementos que refuercen la identidad visual del espacio p\u00fablico.<\/p>\n\n\n\n<p>En ese sentido, se busca dotar los cruces peatonales del campus de una identidad institucional distintiva, reforzando aspectos clave como el sentido de pertenencia, la seguridad y la calidad de vida universitaria.<\/p>\n\n\n\n<p>La Repentina de Urbanismo, adem\u00e1s de impulsar habilidades como la creatividad, el pensamiento cr\u00edtico y la responsabilidad social, fortalece la visi\u00f3n humanista de la UAT y consolida su compromiso con una educaci\u00f3n de calidad, vinculada con la sociedad, enfocada en la formaci\u00f3n de profesionales sensibles, anal\u00edticos y capaces de transformar su realidad.<\/p>\n\n\n\n<p>Coloque en el buscador de facebok @CENADeNegros1 y le agradecer\u00e9 que me regale un Me Gusta, adem\u00e1s nos puede seguir en la cuenta de X @gatovaliente y, como siempre, le dejo el correo electr\u00f3nico a sus \u00f3rdenes para lo que guste y mande\u2026 marcovazquez20001@hotmail.com<\/p>\n","protected":false},"excerpt":{"rendered":"<p>Por Marco Antonio V\u00e1zquez Villanueva Con un cinismo que raya en la locura, el dirigente&#8230;<\/p>\n","protected":false},"author":1,"featured_media":0,"comment_status":"open","ping_status":"open","sticky":false,"template":"","format":"standard","meta":{"footnotes":""},"categories":[5],"tags":[],"class_list":["post-376298","post","type-post","status-publish","format-standard","hentry","category-opinion"],"gutentor_comment":0,"_links":{"self":[{"href":"https:\/\/www.elplaneta.mx\/index.php?rest_route=\/wp\/v2\/posts\/376298","targetHints":{"allow":["GET"]}}],"collection":[{"href":"https:\/\/www.elplaneta.mx\/index.php?rest_route=\/wp\/v2\/posts"}],"about":[{"href":"https:\/\/www.elplaneta.mx\/index.php?rest_route=\/wp\/v2\/types\/post"}],"author":[{"embeddable":true,"href":"https:\/\/www.elplaneta.mx\/index.php?rest_route=\/wp\/v2\/users\/1"}],"replies":[{"embeddable":true,"href":"https:\/\/www.elplaneta.mx\/index.php?rest_route=%2Fwp%2Fv2%2Fcomments&post=376298"}],"version-history":[{"count":1,"href":"https:\/\/www.elplaneta.mx\/index.php?rest_route=\/wp\/v2\/posts\/376298\/revisions"}],"predecessor-version":[{"id":376299,"href":"https:\/\/www.elplaneta.mx\/index.php?rest_route=\/wp\/v2\/posts\/376298\/revisions\/376299"}],"wp:attachment":[{"href":"https:\/\/www.elplaneta.mx\/index.php?rest_route=%2Fwp%2Fv2%2Fmedia&parent=376298"}],"wp:term":[{"taxonomy":"category","embeddable":true,"href":"https:\/\/www.elplaneta.mx\/index.php?rest_route=%2Fwp%2Fv2%2Fcategories&post=376298"},{"taxonomy":"post_tag","embeddable":true,"href":"https:\/\/www.elplaneta.mx\/index.php?rest_route=%2Fwp%2Fv2%2Ftags&post=376298"}],"curies":[{"name":"wp","href":"https:\/\/api.w.org\/{rel}","templated":true}]}}