{"id":376339,"date":"2025-12-01T05:44:00","date_gmt":"2025-12-01T11:44:00","guid":{"rendered":"https:\/\/www.elplaneta.mx\/?p=376339"},"modified":"2025-12-02T06:44:01","modified_gmt":"2025-12-02T12:44:01","slug":"la-scjn-bloquea-las-sentencias-publicas-ya-no-publicaremos-noticias-judiciales-el-planeta","status":"publish","type":"post","link":"https:\/\/www.elplaneta.mx\/?p=376339","title":{"rendered":"La SCJN bloquea las sentencias p\u00fablicas, impidiendo conocer las de amparo"},"content":{"rendered":"<div class=\"wp-block-image\">\n<figure class=\"alignleft size-full\"><img loading=\"lazy\" decoding=\"async\" width=\"392\" height=\"357\" src=\"https:\/\/www.elplaneta.mx\/wp-content\/themes\/elplaneta\/FOTOS\/1SCJN-684756655.jpg\" alt=\"\" class=\"wp-image-376340\" srcset=\"https:\/\/www.elplaneta.mx\/wp-content\/themes\/elplaneta\/FOTOS\/1SCJN-684756655.jpg 392w, https:\/\/www.elplaneta.mx\/wp-content\/themes\/elplaneta\/FOTOS\/1SCJN-684756655-300x273.jpg 300w\" sizes=\"auto, (max-width: 392px) 100vw, 392px\" \/><\/figure><\/div>\n\n\n<p>Ciudad Victoria, Tamaulipas, M\u00e9xico, Am\u00e9rica.- La Suprema Corte de Justicia de la Naci\u00f3n (SCJN), surgida de las elecciones convocadas por el Poder Legislativo Federal, y del Partido Movimiento de Regeneraci\u00f3n Nacional (Morena), bloquearon las sentencias de Tribunales y Juzgados Federales, que por Ley son P\u00fablicas, por lo que este medio de informaci\u00f3n pone fin a las noticias judiciales, con lo cual los violadores a la Constituci\u00f3n, ya pueden sonre\u00edr a carcajadas.<\/p>\n\n\n\n<p>Una tarea de servicio a la comunidad que ven\u00edamos desarrollando desde septiembre del 2011, y sobre todo con la idea de que toda la poblaci\u00f3n sepa que hacen los Tribunales y Juzgados, llevamos a cabo la publicaci\u00f3n de las sentencias de Amparo de los Tribunales y Juzgados Federales, esta publicaci\u00f3n era a manera de noticias, se\u00f1alando cual fue la violaci\u00f3n Constitucional de la dependencia o funcionario y hasta el d\u00eda de hoy no ten\u00edamos problema alguno.<\/p>\n\n\n\n<p>Sin embargo, con el bloqueo a las sentencias p\u00fablicas, por el \u00d3rgano de Administraci\u00f3n Judicial de la SCJN, nos vemos obligados a dejar de publicas las sentencias judiciales de amparo y hemos tomado la decisi\u00f3n de ya no publicar ninguna informaci\u00f3n relativa al Poder Judicial Federal, ni de los Estados, al terminarse la libertad de expresi\u00f3n en este sentido.<\/p>\n\n\n\n<p>Solamente debemos se\u00f1alar que la Ley General de Transparencia y Acceso a la Informaci\u00f3n P\u00fablica en su art\u00edculo 73 se\u00f1ala \u201cAdem\u00e1s de lo se\u00f1alado en el art\u00edculo 65, las Autoridades garantes deber\u00e1n poner a disposici\u00f3n del p\u00fablico y actualizar: IV. En su caso, las sentencias, ejecutorias o suspensiones judiciales que existan en contra de sus resoluciones,\u201d, al ya no cumplirse con esta disposici\u00f3n nos damos por enterado de las nuevas disposiciones federales y de Morena de Censura.<\/p>\n\n\n\n<p>Estamos conscientes de que todo principio tiene un fin, pero jam\u00e1s imaginamos que se pusiera fin a normas vigentes sin estar ser derogadas por el Poder Legislativo Federal, y menos que una SCJN, la encargada de hacer valer el derecho sea la que ejecute pol\u00edticas de censura; de un Gobierno Federal que se dice al servicio de las libertades del pueblo.<\/p>\n\n\n\n<p>Quisimos ser un peri\u00f3dico de verdaderas noticias para el pueblo, pero estamos cansados del desprecio hacia la verdadera informaci\u00f3n por parte de Morena y su gobierno, se\u00f1alo David Z\u00e1rate Cruz, director de este medio informativo, quien, desde la Escuela Secundaria, ingreso al ex Partido Comunista M\u00e9xicano (PCM), y desde esa fecha lucho por la instauraci\u00f3n de un gobierno como el actual, sin imaginarse lo que pasar\u00eda con los derechos ciudadanos.<\/p>\n\n\n\n<p>Z\u00e1rate Cruz, sigui\u00f3 militando en las filas del Partidos Socialista Unificado de M\u00e9xico (PSUM), Mexicano Socialista (PMS) y de la Revoluci\u00f3n Democr\u00e1tica (PRD), toda su militancia estuvo en el \u00e1rea de prensa, como Secretario de prensa y propaganda, al ultimo como Director del Peri\u00f3dico A Pleno Sol del comit\u00e9 estatal del PRD, tambi\u00e9n fue director del peri\u00f3dico estatal del Partido del Trabajo en Tamaulipas (PT).<\/p>\n\n\n\n<p>Esto, le vali\u00f3 la repulsa de autoridades de los Partidos Revolucionario Institucional (PRI) y Acci\u00f3n Nacional (PAN), con casi 40 a\u00f1os de ser reportero de medios de informaci\u00f3n, apenas puede creer lo que esta pasando, sin embargo no es de sorprender, ya que la militancia de izquierda fue hecha a un lado por Morena, para concentrarse en su mayor\u00eda con priistas y panistas, que creen que est\u00e1n haciendo un bien al pueblo.<\/p>\n\n\n\n<p>Z\u00e1rate Cruz, comenta que, al haber estudiado Derecho, tiene la oportunidad \u00fanica de conocer a la perfecci\u00f3n las sentencias y al ser periodista, sabe como hacerlas noticia, de ah\u00ed que se propuso publicar las sentencias de amparo, por lo que con toda tristeza se\u00f1al que esto hasta aqu\u00ed llega, \u201cnunca gane nada con ello\u201d, m\u00e1s que el desprecio de las autoridades, incluidas las de hoy, de Morena\u201d.<\/p>\n\n\n\n<p>\u201cNo tiene caso seguir, con algo que el Gobierno y Morena, no quieren y que la ciudadan\u00eda no hace respetar\u201d, por lo que ahora seguiremos con noticias generales, y avisamos, se acabo la informaci\u00f3n judicial, por lo que los violadores de la Constituci\u00f3n, ya pueden re\u00edr a carcajadas.<\/p>\n\n\n\n<figure class=\"wp-block-image size-large\"><img loading=\"lazy\" decoding=\"async\" width=\"1024\" height=\"488\" src=\"https:\/\/www.elplaneta.mx\/wp-content\/themes\/elplaneta\/FOTOS\/1SCJN-684756656-1024x488.png\" alt=\"\" class=\"wp-image-376341\" srcset=\"https:\/\/www.elplaneta.mx\/wp-content\/themes\/elplaneta\/FOTOS\/1SCJN-684756656-1024x488.png 1024w, https:\/\/www.elplaneta.mx\/wp-content\/themes\/elplaneta\/FOTOS\/1SCJN-684756656-300x143.png 300w, https:\/\/www.elplaneta.mx\/wp-content\/themes\/elplaneta\/FOTOS\/1SCJN-684756656-768x366.png 768w, https:\/\/www.elplaneta.mx\/wp-content\/themes\/elplaneta\/FOTOS\/1SCJN-684756656-1536x733.png 1536w, https:\/\/www.elplaneta.mx\/wp-content\/themes\/elplaneta\/FOTOS\/1SCJN-684756656.png 1916w\" sizes=\"auto, (max-width: 1024px) 100vw, 1024px\" \/><\/figure>\n","protected":false},"excerpt":{"rendered":"<p>Ciudad Victoria, Tamaulipas, M\u00e9xico, Am\u00e9rica.- La Suprema Corte de Justicia de la Naci\u00f3n (SCJN), surgida&#8230;<\/p>\n","protected":false},"author":1,"featured_media":376340,"comment_status":"open","ping_status":"open","sticky":false,"template":"","format":"standard","meta":{"footnotes":""},"categories":[583,20],"tags":[],"class_list":["post-376339","post","type-post","status-publish","format-standard","has-post-thumbnail","hentry","category-principales","category-tamaulipas"],"gutentor_comment":0,"_links":{"self":[{"href":"https:\/\/www.elplaneta.mx\/index.php?rest_route=\/wp\/v2\/posts\/376339","targetHints":{"allow":["GET"]}}],"collection":[{"href":"https:\/\/www.elplaneta.mx\/index.php?rest_route=\/wp\/v2\/posts"}],"about":[{"href":"https:\/\/www.elplaneta.mx\/index.php?rest_route=\/wp\/v2\/types\/post"}],"author":[{"embeddable":true,"href":"https:\/\/www.elplaneta.mx\/index.php?rest_route=\/wp\/v2\/users\/1"}],"replies":[{"embeddable":true,"href":"https:\/\/www.elplaneta.mx\/index.php?rest_route=%2Fwp%2Fv2%2Fcomments&post=376339"}],"version-history":[{"count":2,"href":"https:\/\/www.elplaneta.mx\/index.php?rest_route=\/wp\/v2\/posts\/376339\/revisions"}],"predecessor-version":[{"id":376428,"href":"https:\/\/www.elplaneta.mx\/index.php?rest_route=\/wp\/v2\/posts\/376339\/revisions\/376428"}],"wp:featuredmedia":[{"embeddable":true,"href":"https:\/\/www.elplaneta.mx\/index.php?rest_route=\/wp\/v2\/media\/376340"}],"wp:attachment":[{"href":"https:\/\/www.elplaneta.mx\/index.php?rest_route=%2Fwp%2Fv2%2Fmedia&parent=376339"}],"wp:term":[{"taxonomy":"category","embeddable":true,"href":"https:\/\/www.elplaneta.mx\/index.php?rest_route=%2Fwp%2Fv2%2Fcategories&post=376339"},{"taxonomy":"post_tag","embeddable":true,"href":"https:\/\/www.elplaneta.mx\/index.php?rest_route=%2Fwp%2Fv2%2Ftags&post=376339"}],"curies":[{"name":"wp","href":"https:\/\/api.w.org\/{rel}","templated":true}]}}