{"id":376423,"date":"2025-12-01T12:35:06","date_gmt":"2025-12-01T18:35:06","guid":{"rendered":"https:\/\/www.elplaneta.mx\/?p=376423"},"modified":"2025-12-01T12:35:11","modified_gmt":"2025-12-01T18:35:11","slug":"evalua-gobernador-reactivacion-de-la-mineria-en-san-nicolas","status":"publish","type":"post","link":"https:\/\/www.elplaneta.mx\/?p=376423","title":{"rendered":"Eval\u00faa gobernador reactivaci\u00f3n de la miner\u00eda en San Nicol\u00e1s"},"content":{"rendered":"<div class=\"wp-block-image\">\n<figure class=\"alignleft size-full\"><img loading=\"lazy\" decoding=\"async\" width=\"504\" height=\"336\" src=\"https:\/\/www.elplaneta.mx\/wp-content\/themes\/elplaneta\/FOTOS\/1T36468475756.jpeg\" alt=\"\" class=\"wp-image-376424\" srcset=\"https:\/\/www.elplaneta.mx\/wp-content\/themes\/elplaneta\/FOTOS\/1T36468475756.jpeg 504w, https:\/\/www.elplaneta.mx\/wp-content\/themes\/elplaneta\/FOTOS\/1T36468475756-300x200.jpeg 300w\" sizes=\"auto, (max-width: 504px) 100vw, 504px\" \/><\/figure><\/div>\n\n\n<p>San Nicol\u00e1s, Tamaulipas, M\u00e9xico, Am\u00e9rica.- Como parte de su gira de trabajo por el municipio de San Nicol\u00e1s, el gobernador Am\u00e9rico Villarreal Anaya realiz\u00f3 una visita a la mina San Jos\u00e9, en el ejido Las V\u00edrgenes, en donde dialog\u00f3 con los pobladores de esta comunidad para evaluar la posibilidad de reactivar la extracci\u00f3n de minerales.<\/p>\n\n\n\n<p>Acompa\u00f1ado por la presidenta del DIF Tamaulipas, Mar\u00eda de Villarreal, y junto a la presidenta municipal, Analy Becerra Res\u00e9ndez, el gobernador escuch\u00f3 a don Manuel Castellanos, quien durante muchos a\u00f1os trabaj\u00f3 en la mina cuya concesi\u00f3n era operada por la Compa\u00f1\u00eda Minera Moctezuma y Anexas, as\u00ed como al comisariado ejidal, Antonio Aguirre, quienes le explicaron las condiciones en que se encuentra este centro minero, inactivo desde hace varios a\u00f1os.<\/p>\n\n\n\n<p>El gobernador instruy\u00f3 al secretario de Desarrollo Energ\u00e9tico, Walter \u00c1ngel Jim\u00e9nez, a realizar los estudios necesarios para conocer la situaci\u00f3n de la mina y su factibilidad para emprender alg\u00fan proyecto que brinde nuevas posibilidades de desarrollo a esta regi\u00f3n.<\/p>\n\n\n\n<p>Luego de atender algunas peticiones de los pobladores del ejido Las V\u00edrgenes, quienes le recordaron una visita a inicios de los a\u00f1os 90\u2019s del entonces gobernador Am\u00e9rico Villarreal Guerra, el mandatario tamaulipeco explic\u00f3 que en este municipio tambi\u00e9n se apoya a productores de mezcal y se eval\u00faan acciones para impulsar la producci\u00f3n de ganado caprino.<\/p>\n\n\n\n<p>El gobernador recibi\u00f3 un relieve del mapa de Tamaulipas elaborado en piedra laja por Juan Antonio Res\u00e9ndez, originario de este ejido.<\/p>\n","protected":false},"excerpt":{"rendered":"<p>San Nicol\u00e1s, Tamaulipas, M\u00e9xico, Am\u00e9rica.- Como parte de su gira de trabajo por el municipio&#8230;<\/p>\n","protected":false},"author":1,"featured_media":376424,"comment_status":"open","ping_status":"open","sticky":false,"template":"","format":"standard","meta":{"footnotes":""},"categories":[584],"tags":[],"class_list":["post-376423","post","type-post","status-publish","format-standard","has-post-thumbnail","hentry","category-informacion-oficial"],"gutentor_comment":0,"_links":{"self":[{"href":"https:\/\/www.elplaneta.mx\/index.php?rest_route=\/wp\/v2\/posts\/376423","targetHints":{"allow":["GET"]}}],"collection":[{"href":"https:\/\/www.elplaneta.mx\/index.php?rest_route=\/wp\/v2\/posts"}],"about":[{"href":"https:\/\/www.elplaneta.mx\/index.php?rest_route=\/wp\/v2\/types\/post"}],"author":[{"embeddable":true,"href":"https:\/\/www.elplaneta.mx\/index.php?rest_route=\/wp\/v2\/users\/1"}],"replies":[{"embeddable":true,"href":"https:\/\/www.elplaneta.mx\/index.php?rest_route=%2Fwp%2Fv2%2Fcomments&post=376423"}],"version-history":[{"count":1,"href":"https:\/\/www.elplaneta.mx\/index.php?rest_route=\/wp\/v2\/posts\/376423\/revisions"}],"predecessor-version":[{"id":376425,"href":"https:\/\/www.elplaneta.mx\/index.php?rest_route=\/wp\/v2\/posts\/376423\/revisions\/376425"}],"wp:featuredmedia":[{"embeddable":true,"href":"https:\/\/www.elplaneta.mx\/index.php?rest_route=\/wp\/v2\/media\/376424"}],"wp:attachment":[{"href":"https:\/\/www.elplaneta.mx\/index.php?rest_route=%2Fwp%2Fv2%2Fmedia&parent=376423"}],"wp:term":[{"taxonomy":"category","embeddable":true,"href":"https:\/\/www.elplaneta.mx\/index.php?rest_route=%2Fwp%2Fv2%2Fcategories&post=376423"},{"taxonomy":"post_tag","embeddable":true,"href":"https:\/\/www.elplaneta.mx\/index.php?rest_route=%2Fwp%2Fv2%2Ftags&post=376423"}],"curies":[{"name":"wp","href":"https:\/\/api.w.org\/{rel}","templated":true}]}}