{"id":376445,"date":"2025-12-02T08:33:27","date_gmt":"2025-12-02T14:33:27","guid":{"rendered":"https:\/\/www.elplaneta.mx\/?p=376445"},"modified":"2025-12-02T08:33:31","modified_gmt":"2025-12-02T14:33:31","slug":"ya-van-mas-de-mil-egresados-del-diplomado-en-tecnico-tequilero-en-la-uag","status":"publish","type":"post","link":"https:\/\/www.elplaneta.mx\/?p=376445","title":{"rendered":"Ya van m\u00e1s de mil egresados del Diplomado en T\u00e9cnico Tequilero en la UAG"},"content":{"rendered":"<div class=\"wp-block-image\">\n<figure class=\"alignleft size-full is-resized\"><img loading=\"lazy\" decoding=\"async\" width=\"630\" height=\"420\" src=\"https:\/\/www.elplaneta.mx\/wp-content\/themes\/elplaneta\/FOTOS\/2J364896874755.jpg\" alt=\"\" class=\"wp-image-376446\" style=\"width:537px;height:auto\" srcset=\"https:\/\/www.elplaneta.mx\/wp-content\/themes\/elplaneta\/FOTOS\/2J364896874755.jpg 630w, https:\/\/www.elplaneta.mx\/wp-content\/themes\/elplaneta\/FOTOS\/2J364896874755-300x200.jpg 300w\" sizes=\"auto, (max-width: 630px) 100vw, 630px\" \/><\/figure><\/div>\n\n\n<p>Guadalajara, Jalisco, M\u00e9xico, Am\u00e9rica.- La Universidad Aut\u00f3noma de Guadalajara (UAG), a trav\u00e9s de la Direcci\u00f3n del Centro de Formaci\u00f3n, Desarrollo y Excelencia Directiva, y en conjunto con el Consejo Regulador del Tequila (CRT), llevaron a cabo la ceremonia de clausura del Diplomado en Formaci\u00f3n en T\u00e9cnico Tequilero, generaci\u00f3n n\u00famero 20.<\/p>\n\n\n\n<p>La ceremonia tuvo 78 egresados que se suman a una comunidad de m\u00e1s de mil profesionales desde que el programa se estableci\u00f3 en 2009.<\/p>\n\n\n\n<p>Este es uno de los m\u00e1s exitosos programa de profesionalizaci\u00f3n de la agroindustria tequilera y se consolida como una plataforma que impulsa el aprendizaje colaborativo y la innovaci\u00f3n.<\/p>\n\n\n\n<p>Desaf\u00edo global del campo<\/p>\n\n\n\n<p>El Lic. Luis Cerda Herrera, Director del Centro de Formaci\u00f3n y Excelencia Directiva de la UAG, destac\u00f3 que esta celebraci\u00f3n ocurre en un contexto crucial, donde el campo mexicano enfrenta grandes desaf\u00edos, particularmente la escasez cr\u00edtica de relevo generacional.<\/p>\n\n\n\n<p>\u201cSeg\u00fan datos del INEGI, el 80% de los productores rurales en M\u00e9xico tienen m\u00e1s de 45 a\u00f1os, y la edad promedio global del productor supera los 55 a\u00f1os. Ustedes son la esperanza viva para el campo mexicano y para la industria tequilera, ya que el futuro del pa\u00eds germina en los surcos, en las manos de la gente que trabaja esa tierra\u00bb, dijo.<\/p>\n\n\n\n<p>En el mismo evento, el Ing. Mario Echanove Carrillo, Presidente del Comit\u00e9 de Inspecci\u00f3n del Consejo Regulador del Tequila (CRT), reconoci\u00f3 a los participantes por confiar en el programa, el cual ha fortalecido la transferencia de conocimiento en toda la cadena Agave-Tequila. Subray\u00f3 que los graduados reforzar\u00e1n su papel como promotores responsables del tequila mediante el estricto cumplimiento normativo.<\/p>\n\n\n\n<p>Al finalizar estas palabras, los egresados e instructores del Diplomado en Formaci\u00f3n en T\u00e9cnico Tequilero de la UAG recibieron un reconocimiento.<\/p>\n\n\n\n<p>En representaci\u00f3n de los egresados, Estefan\u00eda Hern\u00e1ndez Aceves destac\u00f3 la diversidad del grupo y el valor del agave como s\u00edmbolo de identidad y motor econ\u00f3mico.<\/p>\n\n\n\n<p>Recibe reconocimiento<\/p>\n\n\n\n<p>En el mismo evento se reconoci\u00f3 a la Mtra. Ana Claudia Agraz God\u00ednez por su profesionalismo en la organizaci\u00f3n y ejecuci\u00f3n del diplomado, ya que el programa compiti\u00f3 recientemente en Colombia, en el XXX Encuentro Internacional de la Red de Educaci\u00f3n Continua de Latinoam\u00e9rica y Europa (RECLA), como uno de los mejores diplomados a nivel mundial y qued\u00f3 en segundo lugar entre m\u00e1s de 600 universidades de Europa y Am\u00e9rica en la categor\u00eda de buenas pr\u00e1cticas para educaci\u00f3n continua.<\/p>\n\n\n\n<p>El \u00e9xito del programa se destaca por su modalidad virtual, que le ha permitido conectar con pr\u00e1cticamente todos los estados del pa\u00eds, incluyendo algunas partes de Estados Unidos y Europa.<\/p>\n","protected":false},"excerpt":{"rendered":"<p>Guadalajara, Jalisco, M\u00e9xico, Am\u00e9rica.- La Universidad Aut\u00f3noma de Guadalajara (UAG), a trav\u00e9s de la Direcci\u00f3n&#8230;<\/p>\n","protected":false},"author":1,"featured_media":376446,"comment_status":"open","ping_status":"open","sticky":false,"template":"","format":"standard","meta":{"footnotes":""},"categories":[151],"tags":[],"class_list":["post-376445","post","type-post","status-publish","format-standard","has-post-thumbnail","hentry","category-espectaculos"],"gutentor_comment":0,"_links":{"self":[{"href":"https:\/\/www.elplaneta.mx\/index.php?rest_route=\/wp\/v2\/posts\/376445","targetHints":{"allow":["GET"]}}],"collection":[{"href":"https:\/\/www.elplaneta.mx\/index.php?rest_route=\/wp\/v2\/posts"}],"about":[{"href":"https:\/\/www.elplaneta.mx\/index.php?rest_route=\/wp\/v2\/types\/post"}],"author":[{"embeddable":true,"href":"https:\/\/www.elplaneta.mx\/index.php?rest_route=\/wp\/v2\/users\/1"}],"replies":[{"embeddable":true,"href":"https:\/\/www.elplaneta.mx\/index.php?rest_route=%2Fwp%2Fv2%2Fcomments&post=376445"}],"version-history":[{"count":1,"href":"https:\/\/www.elplaneta.mx\/index.php?rest_route=\/wp\/v2\/posts\/376445\/revisions"}],"predecessor-version":[{"id":376447,"href":"https:\/\/www.elplaneta.mx\/index.php?rest_route=\/wp\/v2\/posts\/376445\/revisions\/376447"}],"wp:featuredmedia":[{"embeddable":true,"href":"https:\/\/www.elplaneta.mx\/index.php?rest_route=\/wp\/v2\/media\/376446"}],"wp:attachment":[{"href":"https:\/\/www.elplaneta.mx\/index.php?rest_route=%2Fwp%2Fv2%2Fmedia&parent=376445"}],"wp:term":[{"taxonomy":"category","embeddable":true,"href":"https:\/\/www.elplaneta.mx\/index.php?rest_route=%2Fwp%2Fv2%2Fcategories&post=376445"},{"taxonomy":"post_tag","embeddable":true,"href":"https:\/\/www.elplaneta.mx\/index.php?rest_route=%2Fwp%2Fv2%2Ftags&post=376445"}],"curies":[{"name":"wp","href":"https:\/\/api.w.org\/{rel}","templated":true}]}}