{"id":378258,"date":"2026-01-24T10:56:00","date_gmt":"2026-01-24T16:56:00","guid":{"rendered":"https:\/\/www.elplaneta.mx\/?p=378258"},"modified":"2026-01-24T11:00:09","modified_gmt":"2026-01-24T17:00:09","slug":"atletas-del-club-chanas-compiten-en-victoria-tamaulipas","status":"publish","type":"post","link":"https:\/\/www.elplaneta.mx\/?p=378258","title":{"rendered":"Atletas del Club Chana&#8217;s compiten en Victoria, Tamaulipas"},"content":{"rendered":"<div class=\"wp-block-image\">\n<figure class=\"alignleft size-full\"><img loading=\"lazy\" decoding=\"async\" width=\"512\" height=\"384\" src=\"https:\/\/www.elplaneta.mx\/wp-content\/themes\/elplaneta\/FOTOS\/24-PARTE-NOTA-1.jpg\" alt=\"\" class=\"wp-image-378259\" srcset=\"https:\/\/www.elplaneta.mx\/wp-content\/themes\/elplaneta\/FOTOS\/24-PARTE-NOTA-1.jpg 512w, https:\/\/www.elplaneta.mx\/wp-content\/themes\/elplaneta\/FOTOS\/24-PARTE-NOTA-1-300x225.jpg 300w\" sizes=\"auto, (max-width: 512px) 100vw, 512px\" \/><\/figure><\/div>\n\n\n<p>Ciudad Victoria, Tamaulipas, M\u00e9xico, Am\u00e9rica.- Ser\u00e1n 39 los atletas del Club Chana\u2019s los que estar\u00e1n participando este s\u00e1bado en la eliminatoria Municipal de Atletismo rumbo a la Olimpiada Nacional 2026, el cual se realizar\u00e1 en la pista y campo del Polideportivo \u2018Ing. Am\u00e9rico Villarreal Guerra\u2019, clasificatorio para la fase Estatal.<\/p>\n\n\n\n<p>Jes\u00fas la \u2018Chana\u2019 Guerrero y Osvaldo Valles entrenadores del equipo Chana\u2019s, tienen listos a sus pupilos para este compromiso en el que buscar\u00e1n colarse a la fase Estatal, ya que para ello se han venido preparando fuerte.<\/p>\n\n\n\n<p>Las categor\u00edas en las que estar\u00e1n participando ser\u00e1n en la Sub 16 hasta la Sub 23 en ambas ramas, femenil y varonil, en las pruebas de velocidad, de lanzamientos, salto de longuitud y caminata.<\/p>\n\n\n\n<p>En la Sub 16: Participan en los 80 y 150 metros planos, Camila Valentina Najar, Luis Iv\u00e1n Barrios, Rodolfo Marcelo Cedillo y Adri\u00e1n Alejandro P\u00e9rez, en los 150 y 300 metros planos, Amy Sof\u00eda de la Rosa, Samuel Infante, Oliver Jes\u00fas del Valle, Adryan de Jes\u00fas S\u00e1nchez, Berenice Elizabeth Mosqueda en los 600 y 2000 metros, Rogelio Alejandro Escobedo en la misma prueba, Jos\u00e9 Javier Valencia en lanzamiento de bala.<\/p>\n\n\n\n<p>En Sub 18: Estar\u00e1n, Itzel Giovana Dimas en 300 y 600 metros, Sof\u00eda Valentina Becerra, Danna Lizbeth Blanco, Sebasti\u00e1n Montelongo y Alberto Selvera todos en los 100 y 200 metros; Luz Yedidia Lezama en 300 y 600 metros, Renata Abigail Rodr\u00edguez en 200 y 400, Romelia Pe\u00f1a, Carlos Ni\u00f1o, Yeray Elizandro Becerra, Braian Iram Ar\u00e9valo y V\u00edctor Julian Urbina en 400 y 800 metros; Mar\u00eda Celeste S\u00e1nchez en 5 mil de marcha, \u00c1ngel Emiliano L\u00f3pez en 100 metros y salto de longuitud, Yisel Mayela Gonz\u00e1lez y Yusef Gerardo Gonz\u00e1lez en los 100 y 200 metros planos.<\/p>\n\n\n\n<p>En Sub 20: Luis Dimas en 100 y 200 metros, Omar Sebasti\u00e1n Najar en 200 y 400 metros en la misma prueba Ayari Titzell Euresti, Renata Simone Lara; Valentina Paloma Cedillo va en 800 y 1500 metros, Merilyn Gabriela Vera en los 10 mil metros caminata, Camila Nohemi B\u00e1ez en lanzamiento de bala y disco.<\/p>\n\n\n\n<p>En Sub 23: Daniel V\u00e1zquez y Jes\u00fas Ignacio Ledezma en los 10 mil metros de caminata, Gabriel Alejandro Villasana y Rommel Samuel Silva en los 200 y 400 metros planos.<\/p>\n","protected":false},"excerpt":{"rendered":"<p>Ciudad Victoria, Tamaulipas, M\u00e9xico, Am\u00e9rica.- Ser\u00e1n 39 los atletas del Club Chana\u2019s los que estar\u00e1n&#8230;<\/p>\n","protected":false},"author":1,"featured_media":378259,"comment_status":"open","ping_status":"open","sticky":false,"template":"","format":"standard","meta":{"footnotes":""},"categories":[8],"tags":[],"class_list":["post-378258","post","type-post","status-publish","format-standard","has-post-thumbnail","hentry","category-deportes"],"gutentor_comment":0,"_links":{"self":[{"href":"https:\/\/www.elplaneta.mx\/index.php?rest_route=\/wp\/v2\/posts\/378258","targetHints":{"allow":["GET"]}}],"collection":[{"href":"https:\/\/www.elplaneta.mx\/index.php?rest_route=\/wp\/v2\/posts"}],"about":[{"href":"https:\/\/www.elplaneta.mx\/index.php?rest_route=\/wp\/v2\/types\/post"}],"author":[{"embeddable":true,"href":"https:\/\/www.elplaneta.mx\/index.php?rest_route=\/wp\/v2\/users\/1"}],"replies":[{"embeddable":true,"href":"https:\/\/www.elplaneta.mx\/index.php?rest_route=%2Fwp%2Fv2%2Fcomments&post=378258"}],"version-history":[{"count":1,"href":"https:\/\/www.elplaneta.mx\/index.php?rest_route=\/wp\/v2\/posts\/378258\/revisions"}],"predecessor-version":[{"id":378260,"href":"https:\/\/www.elplaneta.mx\/index.php?rest_route=\/wp\/v2\/posts\/378258\/revisions\/378260"}],"wp:featuredmedia":[{"embeddable":true,"href":"https:\/\/www.elplaneta.mx\/index.php?rest_route=\/wp\/v2\/media\/378259"}],"wp:attachment":[{"href":"https:\/\/www.elplaneta.mx\/index.php?rest_route=%2Fwp%2Fv2%2Fmedia&parent=378258"}],"wp:term":[{"taxonomy":"category","embeddable":true,"href":"https:\/\/www.elplaneta.mx\/index.php?rest_route=%2Fwp%2Fv2%2Fcategories&post=378258"},{"taxonomy":"post_tag","embeddable":true,"href":"https:\/\/www.elplaneta.mx\/index.php?rest_route=%2Fwp%2Fv2%2Ftags&post=378258"}],"curies":[{"name":"wp","href":"https:\/\/api.w.org\/{rel}","templated":true}]}}