{"id":378322,"date":"2026-01-25T13:05:05","date_gmt":"2026-01-25T19:05:05","guid":{"rendered":"https:\/\/www.elplaneta.mx\/?p=378322"},"modified":"2026-01-25T13:05:09","modified_gmt":"2026-01-25T19:05:09","slug":"estatales-de-futbol-infantil-seran-en-victoria-tamaulipas","status":"publish","type":"post","link":"https:\/\/www.elplaneta.mx\/?p=378322","title":{"rendered":"Estatales de Futbol Infantil ser\u00e1n en Victoria Tamaulipas"},"content":{"rendered":"<div class=\"wp-block-image\">\n<figure class=\"alignleft size-full\"><img loading=\"lazy\" decoding=\"async\" width=\"511\" height=\"340\" src=\"https:\/\/www.elplaneta.mx\/wp-content\/themes\/elplaneta\/FOTOS\/25-SEJUEGA.jpg\" alt=\"\" class=\"wp-image-378323\" srcset=\"https:\/\/www.elplaneta.mx\/wp-content\/themes\/elplaneta\/FOTOS\/25-SEJUEGA.jpg 511w, https:\/\/www.elplaneta.mx\/wp-content\/themes\/elplaneta\/FOTOS\/25-SEJUEGA-300x200.jpg 300w\" sizes=\"auto, (max-width: 511px) 100vw, 511px\" \/><\/figure><\/div>\n\n\n<p>Ciudad Victoria, Tamaulipas, M\u00e9xico, Am\u00e9rica.- Con tres campeonatos Estatales se abre la actividad del Futbol Federado de Tamaulipas, selectivos para Campeonatos Nacionales, los cuales se llevar\u00e1n a cabo en el mes de febrero esto de acuerdo al calendario Nacional que diera a conocer el Sector Amateur de la Federaci\u00f3n Mexicana de Futbol en la pasada reuni\u00f3n celebrada a principios de este mes.<\/p>\n\n\n\n<p>Jos\u00e9 Manzur Guevara, Presidente de la Asociaci\u00f3n Estatal, dio a conocer lo anterior agregando adem\u00e1s que se tiene ya el calendario de los Nacionales, solo falta por definir las fechas exactas, pero que poco a poco se ir\u00e1n dando a conocer las sedes de los estatales, por que hay que ajustarlo por el Mundial que ser\u00e1 en M\u00e9xico en el mes de junio y julio.<\/p>\n\n\n\n<p>\u2018Por lo pronto ser\u00e1n tres los Estatales los que se realicen en el mes de febrero que ser\u00e1n selectivos para los Nacionales, por lo que esperamos una buena participaci\u00f3n de equipos afiliados a la Asociaci\u00f3n0, explica.<\/p>\n\n\n\n<p>En cuanto a los campeonatos Estatales ser\u00e1n dos en Ciudad Victoria, el de las categor\u00edas 2011 y 2019 que ser\u00e1 del 6 al 9 de Febrero, el de la 2011 el Nacional ser\u00e1 en Colima y el de la 2019 en Guadalajara.<\/p>\n\n\n\n<p>Mientras que el Estatal de la categor\u00eda 2010 ser\u00e1 en Tampico del13 al 15 de febrero selectivo para el nacional a celebrarse en Monclova, Coahuila.<\/p>\n\n\n\n<p>Adem\u00e1s Jos\u00e9 Manzur dio a conocer las sedes de los campeonatos Nacionales, quedando a\u00fan pendientes las fechas de los Estatales de las otras categor\u00edas.<\/p>\n\n\n\n<p>El de la 2018 el Estatal ser\u00e1 en Tampico mientras que el nacional ser\u00e1 en la Ciudad de M\u00e9xico; en del 2018 en Matamoros y el Nacional en Quintana Roo; el 2016 tambi\u00e9n en Matamoros&nbsp; y el Nacional en Yucat\u00e1n, el 2015 en Altamira el estatal y el nacional en Baja California.<\/p>\n\n\n\n<p>El Estatal 2014 en Reynosa y el Nacional en Baja California; el 2013 en Altamira y el Nacional en Nayarit; la 2012 en Reynosa y el Nacional en Michoac\u00e1n.<\/p>\n","protected":false},"excerpt":{"rendered":"<p>Ciudad Victoria, Tamaulipas, M\u00e9xico, Am\u00e9rica.- Con tres campeonatos Estatales se abre la actividad del Futbol&#8230;<\/p>\n","protected":false},"author":1,"featured_media":378323,"comment_status":"open","ping_status":"open","sticky":false,"template":"","format":"standard","meta":{"footnotes":""},"categories":[8],"tags":[],"class_list":["post-378322","post","type-post","status-publish","format-standard","has-post-thumbnail","hentry","category-deportes"],"gutentor_comment":0,"_links":{"self":[{"href":"https:\/\/www.elplaneta.mx\/index.php?rest_route=\/wp\/v2\/posts\/378322","targetHints":{"allow":["GET"]}}],"collection":[{"href":"https:\/\/www.elplaneta.mx\/index.php?rest_route=\/wp\/v2\/posts"}],"about":[{"href":"https:\/\/www.elplaneta.mx\/index.php?rest_route=\/wp\/v2\/types\/post"}],"author":[{"embeddable":true,"href":"https:\/\/www.elplaneta.mx\/index.php?rest_route=\/wp\/v2\/users\/1"}],"replies":[{"embeddable":true,"href":"https:\/\/www.elplaneta.mx\/index.php?rest_route=%2Fwp%2Fv2%2Fcomments&post=378322"}],"version-history":[{"count":1,"href":"https:\/\/www.elplaneta.mx\/index.php?rest_route=\/wp\/v2\/posts\/378322\/revisions"}],"predecessor-version":[{"id":378324,"href":"https:\/\/www.elplaneta.mx\/index.php?rest_route=\/wp\/v2\/posts\/378322\/revisions\/378324"}],"wp:featuredmedia":[{"embeddable":true,"href":"https:\/\/www.elplaneta.mx\/index.php?rest_route=\/wp\/v2\/media\/378323"}],"wp:attachment":[{"href":"https:\/\/www.elplaneta.mx\/index.php?rest_route=%2Fwp%2Fv2%2Fmedia&parent=378322"}],"wp:term":[{"taxonomy":"category","embeddable":true,"href":"https:\/\/www.elplaneta.mx\/index.php?rest_route=%2Fwp%2Fv2%2Fcategories&post=378322"},{"taxonomy":"post_tag","embeddable":true,"href":"https:\/\/www.elplaneta.mx\/index.php?rest_route=%2Fwp%2Fv2%2Ftags&post=378322"}],"curies":[{"name":"wp","href":"https:\/\/api.w.org\/{rel}","templated":true}]}}