{"id":378441,"date":"2026-01-27T14:23:46","date_gmt":"2026-01-27T20:23:46","guid":{"rendered":"https:\/\/www.elplaneta.mx\/?p=378441"},"modified":"2026-01-27T14:23:49","modified_gmt":"2026-01-27T20:23:49","slug":"atletas-del-cub-chanas-destacan-en-municipal-en-victoria-tamaulipas","status":"publish","type":"post","link":"https:\/\/www.elplaneta.mx\/?p=378441","title":{"rendered":"Atletas del Cub Chana&#8217;s destacan en Municipal en Victoria, Tamaulipas"},"content":{"rendered":"<div class=\"wp-block-image\">\n<figure class=\"alignleft size-full\"><img loading=\"lazy\" decoding=\"async\" width=\"487\" height=\"346\" src=\"https:\/\/www.elplaneta.mx\/wp-content\/themes\/elplaneta\/FOTOS\/27-ELEQUIPO-NOTA-1.jpg\" alt=\"\" class=\"wp-image-378442\" srcset=\"https:\/\/www.elplaneta.mx\/wp-content\/themes\/elplaneta\/FOTOS\/27-ELEQUIPO-NOTA-1.jpg 487w, https:\/\/www.elplaneta.mx\/wp-content\/themes\/elplaneta\/FOTOS\/27-ELEQUIPO-NOTA-1-300x213.jpg 300w\" sizes=\"auto, (max-width: 487px) 100vw, 487px\" \/><\/figure><\/div>\n\n\n<p>Ciudad Victoria, Tamaulipas, M\u00e9xico, Am\u00e9rica.- Una gran actuaci\u00f3n fue la que tuvieron los atletas del Club Chana\u2019s en la eliminatoria Municipal de Atletismo al conquistar 50 medallas, 20 de ellas de Oro, 17 de Plata y 11 de Bronce, encontr\u00e1ndose a la espera algunos de ellos de dar las marcas y tiempos para la etapa Estatal que ser\u00e1 en esta capital&nbsp; del 13 al 15 de febrero.<\/p>\n\n\n\n<p>Osvaldo Valles y Jes\u00fas la \u2018Chana\u2019 Guerrero se mostraron satisfechos con los resultados obtenidos por sus pupilos en las diferentes pruebas en las que participar\u00e1n y categor\u00edas que fueron desde la Sub 16 hasta la Sub 23, mismas que se efectuaron en la pista y campo del Polideportivo \u2018Ing. Am\u00e9rico Villarreal Guerra\u2019.<\/p>\n\n\n\n<p>Los medallistas de Oro fueron los siguientes.<\/p>\n\n\n\n<p>&nbsp;Sof\u00eda Becerra en los 100 metros planos, Camila Najar en los 150 lo mismo que Oliver Del Valle, Renata Rodr\u00edguez en los 200 metros planos, lo mismos que Simone Lara, Omar Najar, en distintas categor\u00edas; mientras que en los 300 metros planos destacaron, Giovana Dimas y Adri\u00e1n S\u00e1nchez; en los 400 planos, Teray Becerra, Simone Lara, Omar Najar y Rommel Solva.<\/p>\n\n\n\n<p>Adryan S\u00e1nchez triunf\u00f3 en los 600 metros planos, Teray Becerra en los 800, lo mismo que Valentina Cedillo, en los 5 mil caminata Celeste S\u00e1nchez, en los 10 mil caminata Merylin Vera y Daniela V\u00e1zquez y Jes\u00fas Ledezma, Emilio L\u00f3pez en salto de longitud, Javier Valencoia en lanzamiento de bala y Camila B\u00e1ez en la misma disciplina.<\/p>\n\n\n\n<p>Las Medallas de Plata: Fueron para Camila Najar y Luis Barrios en 80 metros planos, Danna Blanco, Alberto Selvera y Luis Dimas en los 100 metros planos, Amy de la Rosa en los 150 metros, Sof\u00eda Becerra, Ayari Herrera en los 400 metros, Berenice Mosqueda en los 600, Romelia Pe\u00f1a y Brian \u00c1revalo en los 800 metros planos.<\/p>\n\n\n\n<p>Medallas de Bronce: Fueron para Alejandro P\u00e9rez en los 80 metros, Mayela Gonz\u00e1lez en los 100, Luis Barrios en los 150 metros, Danna Blanco en los 200, Amy de la Rosa y Samuel Infante en los 300 metros, Renata Rodr\u00edguez y Valentina Cedillo en los 400, Giovana Dimas en los 600, Luz Ledezma y V\u00edctor Urbina en los 800 metros planos.<\/p>\n","protected":false},"excerpt":{"rendered":"<p>Ciudad Victoria, Tamaulipas, M\u00e9xico, Am\u00e9rica.- Una gran actuaci\u00f3n fue la que tuvieron los atletas del&#8230;<\/p>\n","protected":false},"author":1,"featured_media":378442,"comment_status":"open","ping_status":"open","sticky":false,"template":"","format":"standard","meta":{"footnotes":""},"categories":[8],"tags":[],"class_list":["post-378441","post","type-post","status-publish","format-standard","has-post-thumbnail","hentry","category-deportes"],"gutentor_comment":0,"_links":{"self":[{"href":"https:\/\/www.elplaneta.mx\/index.php?rest_route=\/wp\/v2\/posts\/378441","targetHints":{"allow":["GET"]}}],"collection":[{"href":"https:\/\/www.elplaneta.mx\/index.php?rest_route=\/wp\/v2\/posts"}],"about":[{"href":"https:\/\/www.elplaneta.mx\/index.php?rest_route=\/wp\/v2\/types\/post"}],"author":[{"embeddable":true,"href":"https:\/\/www.elplaneta.mx\/index.php?rest_route=\/wp\/v2\/users\/1"}],"replies":[{"embeddable":true,"href":"https:\/\/www.elplaneta.mx\/index.php?rest_route=%2Fwp%2Fv2%2Fcomments&post=378441"}],"version-history":[{"count":1,"href":"https:\/\/www.elplaneta.mx\/index.php?rest_route=\/wp\/v2\/posts\/378441\/revisions"}],"predecessor-version":[{"id":378443,"href":"https:\/\/www.elplaneta.mx\/index.php?rest_route=\/wp\/v2\/posts\/378441\/revisions\/378443"}],"wp:featuredmedia":[{"embeddable":true,"href":"https:\/\/www.elplaneta.mx\/index.php?rest_route=\/wp\/v2\/media\/378442"}],"wp:attachment":[{"href":"https:\/\/www.elplaneta.mx\/index.php?rest_route=%2Fwp%2Fv2%2Fmedia&parent=378441"}],"wp:term":[{"taxonomy":"category","embeddable":true,"href":"https:\/\/www.elplaneta.mx\/index.php?rest_route=%2Fwp%2Fv2%2Fcategories&post=378441"},{"taxonomy":"post_tag","embeddable":true,"href":"https:\/\/www.elplaneta.mx\/index.php?rest_route=%2Fwp%2Fv2%2Ftags&post=378441"}],"curies":[{"name":"wp","href":"https:\/\/api.w.org\/{rel}","templated":true}]}}