{"id":379890,"date":"2026-03-07T11:42:36","date_gmt":"2026-03-07T17:42:36","guid":{"rendered":"https:\/\/www.elplaneta.mx\/?p=379890"},"modified":"2026-03-08T12:13:39","modified_gmt":"2026-03-08T18:13:39","slug":"magistrados-del-stje-de-tamaulipas-modifican-grado-de-culpabilidad-cuando-ya-era-firme","status":"publish","type":"post","link":"https:\/\/www.elplaneta.mx\/?p=379890","title":{"rendered":"Magistrados del STJE de Tamaulipas, modifican grado de culpabilidad, cuando ya era firme"},"content":{"rendered":"<div class=\"wp-block-image\">\n<figure class=\"alignleft size-full is-resized\"><img loading=\"lazy\" decoding=\"async\" width=\"992\" height=\"397\" src=\"https:\/\/www.elplaneta.mx\/wp-content\/themes\/elplaneta\/FOTOS\/STJE-Sala-Colegada-Penal.jpg\" alt=\"\" class=\"wp-image-374324\" style=\"width:726px;height:auto\" srcset=\"https:\/\/www.elplaneta.mx\/wp-content\/themes\/elplaneta\/FOTOS\/STJE-Sala-Colegada-Penal.jpg 992w, https:\/\/www.elplaneta.mx\/wp-content\/themes\/elplaneta\/FOTOS\/STJE-Sala-Colegada-Penal-300x120.jpg 300w, https:\/\/www.elplaneta.mx\/wp-content\/themes\/elplaneta\/FOTOS\/STJE-Sala-Colegada-Penal-768x307.jpg 768w\" sizes=\"auto, (max-width: 992px) 100vw, 992px\" \/><figcaption class=\"wp-element-caption\">Magistrados Gloria Elena Garza Jim\u00e9nez, Alejandro Durham Infante y Javier Castro Ormaechea<\/figcaption><\/figure><\/div>\n\n\n<p>Ciudad Victoria, Tamaulipas, M\u00e9xico, Am\u00e9rica.- Los Magistrados Gloria Elena Garza Jim\u00e9nez, Javier Castro Ormaechea y Jorge Alejandro Durham Infante, titulares de la Sala Colegiada Penal del Supremo Tribunal de Justicia del Estado de Tamaulipas (STJE), modificaron el grado de culpabilidad de un sentenciado de secuestro a medio, cuando ya hab\u00eda sentencia firme de m\u00ednimo, ante lo cual mediante la ejecutoria 399\/2023, Magistrados Federales, otorgaron amparo al acusado.<\/p>\n\n\n\n<p>El Magistrado Daniel Ricardo Flores L\u00f3pez, presidente del Segundo Tribunal Colegiado en Materias Penal y de Trabajo del Decimonoveno Circuito, en Victoria, dio a conocer la ejecutoria donde se resolvi\u00f3 que, ejecutoria de 21 de enero de 2016, dictada dentro del toca penal 19\/2014, ya se hab\u00edan analizado los agravios del representante social tocantes al grado de culpabilidad del sentenciado, por tal raz\u00f3n, la materia de an\u00e1lisis ya estaba examinado, por lo que jur\u00eddicamente no era posible que la Alzada reanalizara tal planteamiento.<\/p>\n\n\n\n<p>El doce de mayo de dos mil veintid\u00f3s, la Sala Colegiada Penal del STJE, emiti\u00f3 la sentencia ejecutoria del toca penal 16\/2023, modificando la sentencia del Juzgado primero Penal de Victoria, considerando que el grado de culpabilidad era medio y no el m\u00ednimo, imponiendo al sentenciado una pena mayor de treinta y cinco a\u00f1os de prisi\u00f3n y multa de tres mil d\u00edas de salario, el sentenciado recurre al juicio de amparo.<\/p>\n\n\n\n<p>El Magistrado Daniel Ricardo Flores L\u00f3pez, a quien correspondi\u00f3 estudiar el asunto, determino que, de la secuela procesal, se observa que previamente a la resoluci\u00f3n impugnada mediante el recurso de apelaci\u00f3n que dio origen al fallo de condena reclamado en el presente juicio de amparo, el fiscal ya hab\u00eda planteado ante la segunda instancia como motivo de agravio, la baja penalidad impuesta al sentenciado, en una anterior apelaci\u00f3n, el cual fue desestimado por el propio tribunal de apelaci\u00f3n.<\/p>\n\n\n\n<p>El pleno judicial otorga el amparo para que, se emita nueva sentencia en la que, al analizar la individualizaci\u00f3n de la pena y el grado de culpabilidad del enjuiciado, determine la inoperancia de los agravios del Ministerio P\u00fablico y en consecuencia, se efect\u00fae el an\u00e1lisis de la apelaci\u00f3n, tomando en cuenta que en la sentencia de primera instancia apelada se ubic\u00f3 al acusado en un grado de culpabilidad m\u00ednimo, y por ende, se le impuso la pena m\u00ednima.<\/p>\n","protected":false},"excerpt":{"rendered":"<p>Ciudad Victoria, Tamaulipas, M\u00e9xico, Am\u00e9rica.- Los Magistrados Gloria Elena Garza Jim\u00e9nez, Javier Castro Ormaechea y&#8230;<\/p>\n","protected":false},"author":1,"featured_media":374324,"comment_status":"open","ping_status":"open","sticky":false,"template":"","format":"standard","meta":{"footnotes":""},"categories":[6,583,20],"tags":[],"class_list":["post-379890","post","type-post","status-publish","format-standard","has-post-thumbnail","hentry","category-baltazar","category-principales","category-tamaulipas"],"gutentor_comment":0,"_links":{"self":[{"href":"https:\/\/www.elplaneta.mx\/index.php?rest_route=\/wp\/v2\/posts\/379890","targetHints":{"allow":["GET"]}}],"collection":[{"href":"https:\/\/www.elplaneta.mx\/index.php?rest_route=\/wp\/v2\/posts"}],"about":[{"href":"https:\/\/www.elplaneta.mx\/index.php?rest_route=\/wp\/v2\/types\/post"}],"author":[{"embeddable":true,"href":"https:\/\/www.elplaneta.mx\/index.php?rest_route=\/wp\/v2\/users\/1"}],"replies":[{"embeddable":true,"href":"https:\/\/www.elplaneta.mx\/index.php?rest_route=%2Fwp%2Fv2%2Fcomments&post=379890"}],"version-history":[{"count":1,"href":"https:\/\/www.elplaneta.mx\/index.php?rest_route=\/wp\/v2\/posts\/379890\/revisions"}],"predecessor-version":[{"id":379892,"href":"https:\/\/www.elplaneta.mx\/index.php?rest_route=\/wp\/v2\/posts\/379890\/revisions\/379892"}],"wp:featuredmedia":[{"embeddable":true,"href":"https:\/\/www.elplaneta.mx\/index.php?rest_route=\/wp\/v2\/media\/374324"}],"wp:attachment":[{"href":"https:\/\/www.elplaneta.mx\/index.php?rest_route=%2Fwp%2Fv2%2Fmedia&parent=379890"}],"wp:term":[{"taxonomy":"category","embeddable":true,"href":"https:\/\/www.elplaneta.mx\/index.php?rest_route=%2Fwp%2Fv2%2Fcategories&post=379890"},{"taxonomy":"post_tag","embeddable":true,"href":"https:\/\/www.elplaneta.mx\/index.php?rest_route=%2Fwp%2Fv2%2Ftags&post=379890"}],"curies":[{"name":"wp","href":"https:\/\/api.w.org\/{rel}","templated":true}]}}