{"id":379899,"date":"2026-03-08T13:40:50","date_gmt":"2026-03-08T19:40:50","guid":{"rendered":"https:\/\/www.elplaneta.mx\/?p=379899"},"modified":"2026-03-08T13:40:56","modified_gmt":"2026-03-08T19:40:56","slug":"un-atentado-en-una-discoteca-de-peru-deja-30-heridos","status":"publish","type":"post","link":"https:\/\/www.elplaneta.mx\/?p=379899","title":{"rendered":"Un atentado en una discoteca de Per\u00fa, deja 30 heridos"},"content":{"rendered":"<div class=\"wp-block-image\">\n<figure class=\"alignleft size-full is-resized\"><img loading=\"lazy\" decoding=\"async\" width=\"667\" height=\"375\" src=\"https:\/\/www.elplaneta.mx\/wp-content\/themes\/elplaneta\/FOTOS\/8P46948676.jpg\" alt=\"\" class=\"wp-image-379900\" style=\"width:521px;height:auto\" srcset=\"https:\/\/www.elplaneta.mx\/wp-content\/themes\/elplaneta\/FOTOS\/8P46948676.jpg 667w, https:\/\/www.elplaneta.mx\/wp-content\/themes\/elplaneta\/FOTOS\/8P46948676-300x169.jpg 300w\" sizes=\"auto, (max-width: 667px) 100vw, 667px\" \/><\/figure><\/div>\n\n\n<p>Lima, Per\u00fa, Am\u00e9rica.- En el norte de Per\u00fa, en una regi\u00f3n golpeada por el crimen organizado, una explosi\u00f3n en una discoteca dej\u00f3 m\u00e1s de 30 heridos, informaron autoridades que investigan las causas.<\/p>\n\n\n\n<p>De acuerdo con \u201clas primeras diligencias la explosi\u00f3n habr\u00eda sido consecuencia de un acto criminal perpetrado por terceros\u201d, inform\u00f3 la discoteca en un comunicado.<\/p>\n\n\n\n<p>El hecho ocurri\u00f3 en la madrugada, en la discoteca Dal\u00ed del distrito V\u00edctor Larco Herrera, en la provincia de Trujillo, a unos 500 kil\u00f3metros al norte de Lima, inform\u00f3 un comunicado del gobierno regional del departamento La Libertad, que catalog\u00f3 el incidente de \u201catentado\u201d.<\/p>\n\n\n\n<p>Decenas de personas se encontraban en el recinto durante la presentaci\u00f3n del grupo de cumbia Amor Rebelde cuando un fuerte estallido alarm\u00f3 a todos, de acuerdo con un video transmitido por el canal Sol TV Per\u00fa de Trujillo.<\/p>\n\n\n\n<p>\u201cTenemos 33 heridos reportados hasta la actualidad; entre ellos, cinco en estado de gravedad\u201d, report\u00f3 el gerente regional de Salud, Alberto Flori\u00e1n, a medios locales.<\/p>\n\n\n\n<p>La mayor\u00eda de los heridos, entre ellos dos menores de edad, fueron trasladados a sendos hospitales para ser atendidos por esquirlas en el cuerpo, agreg\u00f3.<\/p>\n\n\n\n<p>El gobierno regional se\u00f1al\u00f3 que se llevan a cabo \u201clas acciones de investigaci\u00f3n y atenci\u00f3n necesarias frente a este lamentable suceso\u201d.<\/p>\n\n\n\n<p>La prefectura de La Libertad conden\u00f3 el atentado que agrava el preocupante escenario de inseguridad.<\/p>\n","protected":false},"excerpt":{"rendered":"<p>Lima, Per\u00fa, Am\u00e9rica.- En el norte de Per\u00fa, en una regi\u00f3n golpeada por el crimen&#8230;<\/p>\n","protected":false},"author":1,"featured_media":379900,"comment_status":"open","ping_status":"open","sticky":false,"template":"","format":"standard","meta":{"footnotes":""},"categories":[139],"tags":[],"class_list":["post-379899","post","type-post","status-publish","format-standard","has-post-thumbnail","hentry","category-continental"],"gutentor_comment":0,"_links":{"self":[{"href":"https:\/\/www.elplaneta.mx\/index.php?rest_route=\/wp\/v2\/posts\/379899","targetHints":{"allow":["GET"]}}],"collection":[{"href":"https:\/\/www.elplaneta.mx\/index.php?rest_route=\/wp\/v2\/posts"}],"about":[{"href":"https:\/\/www.elplaneta.mx\/index.php?rest_route=\/wp\/v2\/types\/post"}],"author":[{"embeddable":true,"href":"https:\/\/www.elplaneta.mx\/index.php?rest_route=\/wp\/v2\/users\/1"}],"replies":[{"embeddable":true,"href":"https:\/\/www.elplaneta.mx\/index.php?rest_route=%2Fwp%2Fv2%2Fcomments&post=379899"}],"version-history":[{"count":1,"href":"https:\/\/www.elplaneta.mx\/index.php?rest_route=\/wp\/v2\/posts\/379899\/revisions"}],"predecessor-version":[{"id":379901,"href":"https:\/\/www.elplaneta.mx\/index.php?rest_route=\/wp\/v2\/posts\/379899\/revisions\/379901"}],"wp:featuredmedia":[{"embeddable":true,"href":"https:\/\/www.elplaneta.mx\/index.php?rest_route=\/wp\/v2\/media\/379900"}],"wp:attachment":[{"href":"https:\/\/www.elplaneta.mx\/index.php?rest_route=%2Fwp%2Fv2%2Fmedia&parent=379899"}],"wp:term":[{"taxonomy":"category","embeddable":true,"href":"https:\/\/www.elplaneta.mx\/index.php?rest_route=%2Fwp%2Fv2%2Fcategories&post=379899"},{"taxonomy":"post_tag","embeddable":true,"href":"https:\/\/www.elplaneta.mx\/index.php?rest_route=%2Fwp%2Fv2%2Ftags&post=379899"}],"curies":[{"name":"wp","href":"https:\/\/api.w.org\/{rel}","templated":true}]}}