{"id":379906,"date":"2026-03-08T17:21:40","date_gmt":"2026-03-08T23:21:40","guid":{"rendered":"https:\/\/www.elplaneta.mx\/?p=379906"},"modified":"2026-03-08T17:21:47","modified_gmt":"2026-03-08T23:21:47","slug":"marchan-estudiantes-en-morelos-exigen-justicia-por-feminicidios-de-kimberly-y-karol","status":"publish","type":"post","link":"https:\/\/www.elplaneta.mx\/?p=379906","title":{"rendered":"Marchan estudiantes en Morelos, exigen justicia por feminicidios de Kimberly y Karol"},"content":{"rendered":"<div class=\"wp-block-image\">\n<figure class=\"alignleft size-full is-resized\"><img loading=\"lazy\" decoding=\"async\" width=\"600\" height=\"450\" src=\"https:\/\/www.elplaneta.mx\/wp-content\/themes\/elplaneta\/FOTOS\/8E364678576.jpg\" alt=\"\" class=\"wp-image-379907\" style=\"width:482px;height:auto\" srcset=\"https:\/\/www.elplaneta.mx\/wp-content\/themes\/elplaneta\/FOTOS\/8E364678576.jpg 600w, https:\/\/www.elplaneta.mx\/wp-content\/themes\/elplaneta\/FOTOS\/8E364678576-300x225.jpg 300w\" sizes=\"auto, (max-width: 600px) 100vw, 600px\" \/><\/figure><\/div>\n\n\n<p>Cuernavaca, Morelos, M\u00e9xico, Am\u00e9rica.- En la v\u00edspera del D\u00eda Internacional de la Mujer (8 de marzo), cientos de estudiantes de la Universidad Aut\u00f3noma del Estado de Morelos (UAEM), en su mayor\u00eda vestidos de negro en se\u00f1al de luto y con el rostro cubierto, marcharon por las principales calles de la ciudad para exigir a la gobernadora Margarita Gonz\u00e1lez y a la Fiscal\u00eda General del Estado (FGE) justicia por los feminicidios de sus compa\u00f1eras Kimberly y Karol, registrados en los \u00faltimos cinco d\u00edas en Morelos.<\/p>\n\n\n\n<p>El contingente parti\u00f3 alrededor de las 9 de la ma\u00f1ana de este s\u00e1bado de la glorieta El Ni\u00f1o Artillero, ubicada al sur de la ciudad, y camin\u00f3 por la avenida Morelos hasta llegar a la catedral de Cuernavaca. Posteriormente bajaron por la calle Hidalgo para arribar al Palacio de Gobierno del estado.<\/p>\n\n\n\n<p>Durante el trayecto, un grupo de universitarios realiz\u00f3 pegas de fichas de b\u00fasqueda de sus compa\u00f1eras e hizo pintas en bardas y negocios que encontraban a su paso; sin embargo, su enojo aument\u00f3 al llegar al primer cuadro de la ciudad, cuando observaron que el inmueble del Palacio de Gobierno amaneci\u00f3 totalmente cercado con vallas met\u00e1licas de unos tres metros de altura, similares a las que a\u00f1o con a\u00f1o blindan el Palacio Nacional en la Ciudad de M\u00e9xico cada 8 de marzo, con motivo del D\u00eda Internacional de la Mujer.<\/p>\n\n\n\n<p>Los insultos contra la gobernadora morenista, contra la rectora Viridiana Le\u00f3n y contra la dirigente de la Federaci\u00f3n de Estudiantes Universitarios de Morelos (FEUM), Adriana Guadarrama, as\u00ed como contra otros directivos de la m\u00e1xima casa de estudios, se intensificaron. Incluso, en las vallas met\u00e1licas dejaron escritos mensajes como: \u201c\u00a1Feminicidas!\u201d, \u201c\u00a1Tiemblen, corruptos!\u201d y \u201c\u00a1Pendejos!\u201d.<\/p>\n\n\n\n<p>Tambi\u00e9n escribieron en las l\u00e1minas los nombres de Kimberly y Karol, adem\u00e1s de pegar en estas enormes l\u00e1minas que protegen el Palacio de Gobierno de Morelos decenas de fichas de b\u00fasqueda de sus compa\u00f1eras, ya que ambas universitarias, antes de ser localizados sus cuerpos sin vida, fueron reportadas como desaparecidas.<\/p>\n\n\n\n<p>Kimberly Ramos Beltr\u00e1n desapareci\u00f3 el 20 de febrero en el Campus Chamilpa de la UAEM, en Cuernavaca, y fue encontrada sin vida el lunes 2 de marzo en las inmediaciones del mismo campus. Ese mismo d\u00eda en que fue hallada Kimberly, desapareci\u00f3 al salir de su escuela de la UAEM, en el municipio de Mazatepec, Karol Toledo G\u00f3mez, cuyo cuerpo fue localizado el jueves 5 de marzo en el municipio de Coatetelco, colindante con Mazatepec.<\/p>\n\n\n\n<p>Kimberly era estudiante de la Facultad de Contabilidad, Administraci\u00f3n e Inform\u00e1tica, cursaba el segundo semestre y ten\u00eda 18 a\u00f1os. Karol tambi\u00e9n ten\u00eda 18 a\u00f1os y estudiaba el segundo semestre de Derecho en la Escuela de Estudios Superiores de Mazatepec de la UAEM.<\/p>\n\n\n\n<p>En el caso de Kimberly, el s\u00e1bado 28 de febrero la Fiscal\u00eda General del Estado (FGE) inform\u00f3 sobre la formulaci\u00f3n de imputaci\u00f3n en contra de Jared Alejandro, de 22 a\u00f1os y alumno de la UAEM, ex novio de Kimberly, por su probable responsabilidad en la desaparici\u00f3n de la joven, por lo que el juez de control le impuso la medida cautelar de prisi\u00f3n preventiva.<\/p>\n\n\n\n<p>El viernes 6 de marzo, la FGE inform\u00f3 sobre la vinculaci\u00f3n a proceso en contra de Jared Alejandro por su probable responsabilidad en el delito de desaparici\u00f3n de persona cometida por particulares agravada, en perjuicio de Kimberly.<\/p>\n\n\n\n<p>M\u00e1s tarde, la noche del viernes, el fiscal general del estado, Fernando Blumenkron, inform\u00f3 que cumplimentaron una orden de aprehensi\u00f3n en contra de Jared Alejandro por el feminicidio de Kimberly, en internamiento, ya que durante la audiencia de vinculaci\u00f3n a proceso se le hab\u00eda impuesto prisi\u00f3n preventiva.<\/p>\n\n\n\n<p>En el caso de Karol, la Fiscal\u00eda General del Estado a\u00fan no ha detenido a ninguna persona. Sin embargo, el caso sigue una ruta similar al de Kimberly: inicialmente se investig\u00f3 como desaparici\u00f3n de persona y, tras el hallazgo del cuerpo sin vida, se activaron los protocolos de investigaci\u00f3n con perspectiva de g\u00e9nero.<\/p>\n\n\n\n<p>Al inicio de la marcha y al final de la misma, durante el octavo d\u00eda de marchas y manifestaciones en esta ciudad capital, ya en el centro de la explanada de la plaza Emiliano Zapata, los universitarios leyeron un pliego petitorio en el que recalcaron que exigen justicia por ambos feminicidios, as\u00ed como transparencia por parte de la UAEM, del gobierno del estado y de la FGE.<\/p>\n\n\n\n<p>\u201cLamentamos profundamente el fallecimiento de nuestras compa\u00f1eras Kimberly y Karol. Somos conscientes de que lo sucedido no son tragedias aisladas; los feminicidios son s\u00edntomas de una falla sist\u00e9mica. Ante la respuesta tard\u00eda y la ausencia de soluciones concretas por parte de las autoridades universitarias y de las instancias gubernamentales correspondientes, y como resultado de la reuni\u00f3n estudiantil del pasado 5 de marzo, acordamos lo siguiente: exigir justicia y transparencia ante los m\u00faltiples casos de desaparici\u00f3n, inseguridad, violencia y falta de respuesta por parte de las autoridades correspondientes\u201d, aseguraron, y despu\u00e9s se retiraron.<\/p>\n","protected":false},"excerpt":{"rendered":"<p>Cuernavaca, Morelos, M\u00e9xico, Am\u00e9rica.- En la v\u00edspera del D\u00eda Internacional de la Mujer (8 de&#8230;<\/p>\n","protected":false},"author":1,"featured_media":379907,"comment_status":"open","ping_status":"open","sticky":false,"template":"","format":"standard","meta":{"footnotes":""},"categories":[130],"tags":[],"class_list":["post-379906","post","type-post","status-publish","format-standard","has-post-thumbnail","hentry","category-nacional"],"gutentor_comment":0,"_links":{"self":[{"href":"https:\/\/www.elplaneta.mx\/index.php?rest_route=\/wp\/v2\/posts\/379906","targetHints":{"allow":["GET"]}}],"collection":[{"href":"https:\/\/www.elplaneta.mx\/index.php?rest_route=\/wp\/v2\/posts"}],"about":[{"href":"https:\/\/www.elplaneta.mx\/index.php?rest_route=\/wp\/v2\/types\/post"}],"author":[{"embeddable":true,"href":"https:\/\/www.elplaneta.mx\/index.php?rest_route=\/wp\/v2\/users\/1"}],"replies":[{"embeddable":true,"href":"https:\/\/www.elplaneta.mx\/index.php?rest_route=%2Fwp%2Fv2%2Fcomments&post=379906"}],"version-history":[{"count":1,"href":"https:\/\/www.elplaneta.mx\/index.php?rest_route=\/wp\/v2\/posts\/379906\/revisions"}],"predecessor-version":[{"id":379908,"href":"https:\/\/www.elplaneta.mx\/index.php?rest_route=\/wp\/v2\/posts\/379906\/revisions\/379908"}],"wp:featuredmedia":[{"embeddable":true,"href":"https:\/\/www.elplaneta.mx\/index.php?rest_route=\/wp\/v2\/media\/379907"}],"wp:attachment":[{"href":"https:\/\/www.elplaneta.mx\/index.php?rest_route=%2Fwp%2Fv2%2Fmedia&parent=379906"}],"wp:term":[{"taxonomy":"category","embeddable":true,"href":"https:\/\/www.elplaneta.mx\/index.php?rest_route=%2Fwp%2Fv2%2Fcategories&post=379906"},{"taxonomy":"post_tag","embeddable":true,"href":"https:\/\/www.elplaneta.mx\/index.php?rest_route=%2Fwp%2Fv2%2Ftags&post=379906"}],"curies":[{"name":"wp","href":"https:\/\/api.w.org\/{rel}","templated":true}]}}