{"id":379909,"date":"2026-03-08T17:29:21","date_gmt":"2026-03-08T23:29:21","guid":{"rendered":"https:\/\/www.elplaneta.mx\/?p=379909"},"modified":"2026-03-08T17:29:26","modified_gmt":"2026-03-08T23:29:26","slug":"en-puebla-mujeres-marchan-en-texmelucan-exigiendo-derechos-laborales-en-el-8m","status":"publish","type":"post","link":"https:\/\/www.elplaneta.mx\/?p=379909","title":{"rendered":"En Puebla, mujeres marchan en Texmelucan, exigiendo derechos laborales en el 8M"},"content":{"rendered":"<div class=\"wp-block-image\">\n<figure class=\"alignleft size-full\"><img loading=\"lazy\" decoding=\"async\" width=\"586\" height=\"405\" src=\"https:\/\/www.elplaneta.mx\/wp-content\/themes\/elplaneta\/FOTOS\/8P5479675755.jpg\" alt=\"\" class=\"wp-image-379910\" srcset=\"https:\/\/www.elplaneta.mx\/wp-content\/themes\/elplaneta\/FOTOS\/8P5479675755.jpg 586w, https:\/\/www.elplaneta.mx\/wp-content\/themes\/elplaneta\/FOTOS\/8P5479675755-300x207.jpg 300w\" sizes=\"auto, (max-width: 586px) 100vw, 586px\" \/><\/figure><\/div>\n\n\n<p>Puebla, Puebla, M\u00e9xico, Am\u00e9rica.- Integrantes de la colectiva feminista Las \u00c1cratas realizaron este domingo una movilizaci\u00f3n en el centro de San Mart\u00edn Texmelucan para conmemorar el D\u00eda Internacional de la Mujer y visibilizar las condiciones laborales que enfrentan las mujeres, desde el acceso a seguridad social hasta la erradicaci\u00f3n del acoso en los espacios de trabajo.<\/p>\n\n\n\n<p>La concentraci\u00f3n inici\u00f3 en el Monumento de la Unificaci\u00f3n Obrera, conocido popularmente como Hombres Fuertes, sitio elegido por su simbolismo hist\u00f3rico relacionado con la lucha laboral. Desde este punto parti\u00f3 la marcha que reuni\u00f3 a mujeres de distintas colectivas y contingentes, entre ellos grupos proanimalistas que se sumaron a la jornada.<\/p>\n\n\n\n<p>Maricarmen Farf\u00e1n de Gante, representante de Las \u00c1cratas, explic\u00f3 que el objetivo principal fue reconocer el papel de la mujer trabajadora, cuya labor \u2014dijo\u2014 muchas veces permanece invisibilizada.<\/p>\n\n\n\n<p>\u201cEste a\u00f1o queremos hablar m\u00e1s de la mujer obrera, de la mujer trabajadora, de la mujer que constantemente est\u00e1 realizando labores dom\u00e9sticas y tambi\u00e9n un trabajo remunerado. Por eso iniciamos en este monumento, para reivindicar esos trabajos que luego no se notan o no se ven, incluso dentro de algunos espacios de izquierda\u201d, se\u00f1al\u00f3.<\/p>\n\n\n\n<p>Durante la movilizaci\u00f3n, las participantes tambi\u00e9n plantearon la necesidad de que las pol\u00edticas p\u00fablicas y las iniciativas empresariales en favor de las mujeres incluyan mejoras reales en las condiciones laborales.<\/p>\n\n\n\n<p>Farf\u00e1n de Gante mencion\u00f3 que recientemente se han impulsado iniciativas como los llamados \u201cPuntos Violeta\u201d, espacios destinados a brindar apoyo a mujeres en situaci\u00f3n de riesgo; sin embargo, consider\u00f3 que estas medidas deben ir acompa\u00f1adas de compromisos concretos de las empresas.<\/p>\n\n\n\n<p>\u201cNos parece una buena idea, pero tambi\u00e9n creemos que la mayor dignificaci\u00f3n del trabajo de las mujeres es contar con seguro social, prestaciones y vacaciones. La violencia tambi\u00e9n empieza cuando se violentan los derechos laborales, cuando una mujer no tiene seguridad social o prestaciones\u201d, expres\u00f3.<\/p>\n\n\n\n<p>Asimismo, la activista subray\u00f3 que a\u00fan persisten obst\u00e1culos para que las mujeres accedan a espacios de toma de decisiones, fen\u00f3meno conocido como \u201ctecho de cristal\u201d.<\/p>\n\n\n\n<p>\u201cTodav\u00eda hace falta que m\u00e1s mujeres est\u00e9n en direcciones y en puestos donde se tomen decisiones. Muchas veces se les deja solamente temas de educaci\u00f3n o cultura, pero necesitamos mujeres en la participaci\u00f3n pol\u00edtica directa\u201d, agreg\u00f3.<\/p>\n\n\n\n<p>Las organizadoras se\u00f1alaron que la marcha fue abierta a mujeres de distintas edades, incluidas infancias, y destacaron la importancia de mantener espacios seguros entre colectivas sin limitar la libre expresi\u00f3n durante las movilizaciones conmemorativas al 8M.<\/p>\n","protected":false},"excerpt":{"rendered":"<p>Puebla, Puebla, M\u00e9xico, Am\u00e9rica.- Integrantes de la colectiva feminista Las \u00c1cratas realizaron este domingo una&#8230;<\/p>\n","protected":false},"author":1,"featured_media":379910,"comment_status":"open","ping_status":"open","sticky":false,"template":"","format":"standard","meta":{"footnotes":""},"categories":[130],"tags":[],"class_list":["post-379909","post","type-post","status-publish","format-standard","has-post-thumbnail","hentry","category-nacional"],"gutentor_comment":0,"_links":{"self":[{"href":"https:\/\/www.elplaneta.mx\/index.php?rest_route=\/wp\/v2\/posts\/379909","targetHints":{"allow":["GET"]}}],"collection":[{"href":"https:\/\/www.elplaneta.mx\/index.php?rest_route=\/wp\/v2\/posts"}],"about":[{"href":"https:\/\/www.elplaneta.mx\/index.php?rest_route=\/wp\/v2\/types\/post"}],"author":[{"embeddable":true,"href":"https:\/\/www.elplaneta.mx\/index.php?rest_route=\/wp\/v2\/users\/1"}],"replies":[{"embeddable":true,"href":"https:\/\/www.elplaneta.mx\/index.php?rest_route=%2Fwp%2Fv2%2Fcomments&post=379909"}],"version-history":[{"count":1,"href":"https:\/\/www.elplaneta.mx\/index.php?rest_route=\/wp\/v2\/posts\/379909\/revisions"}],"predecessor-version":[{"id":379911,"href":"https:\/\/www.elplaneta.mx\/index.php?rest_route=\/wp\/v2\/posts\/379909\/revisions\/379911"}],"wp:featuredmedia":[{"embeddable":true,"href":"https:\/\/www.elplaneta.mx\/index.php?rest_route=\/wp\/v2\/media\/379910"}],"wp:attachment":[{"href":"https:\/\/www.elplaneta.mx\/index.php?rest_route=%2Fwp%2Fv2%2Fmedia&parent=379909"}],"wp:term":[{"taxonomy":"category","embeddable":true,"href":"https:\/\/www.elplaneta.mx\/index.php?rest_route=%2Fwp%2Fv2%2Fcategories&post=379909"},{"taxonomy":"post_tag","embeddable":true,"href":"https:\/\/www.elplaneta.mx\/index.php?rest_route=%2Fwp%2Fv2%2Ftags&post=379909"}],"curies":[{"name":"wp","href":"https:\/\/api.w.org\/{rel}","templated":true}]}}