{"id":379946,"date":"2026-03-09T08:53:54","date_gmt":"2026-03-09T14:53:54","guid":{"rendered":"https:\/\/www.elplaneta.mx\/?p=379946"},"modified":"2026-03-09T08:53:57","modified_gmt":"2026-03-09T14:53:57","slug":"la-universidad-artica-de-murmansk-abrira-una-residencia-en-terapia","status":"publish","type":"post","link":"https:\/\/www.elplaneta.mx\/?p=379946","title":{"rendered":"La Universidad \u00c1rtica de M\u00farmansk, abrir\u00e1 una residencia en terapia"},"content":{"rendered":"<div class=\"wp-block-image\">\n<figure class=\"alignleft size-full is-resized\"><img loading=\"lazy\" decoding=\"async\" width=\"802\" height=\"447\" src=\"https:\/\/www.elplaneta.mx\/wp-content\/themes\/elplaneta\/FOTOS\/9M35634958575.png\" alt=\"\" class=\"wp-image-379947\" style=\"width:697px;height:auto\" srcset=\"https:\/\/www.elplaneta.mx\/wp-content\/themes\/elplaneta\/FOTOS\/9M35634958575.png 802w, https:\/\/www.elplaneta.mx\/wp-content\/themes\/elplaneta\/FOTOS\/9M35634958575-300x167.png 300w, https:\/\/www.elplaneta.mx\/wp-content\/themes\/elplaneta\/FOTOS\/9M35634958575-768x428.png 768w, https:\/\/www.elplaneta.mx\/wp-content\/themes\/elplaneta\/FOTOS\/9M35634958575-800x447.png 800w\" sizes=\"auto, (max-width: 802px) 100vw, 802px\" \/><\/figure><\/div>\n\n\n<p>M\u00farmansk, M\u00farmansk, Rusia, Europa.- Preparaci\u00f3n: El desarrollo del personal m\u00e9dico para la regi\u00f3n de M\u00farmansk sigue siendo un objetivo clave del plan \u00ab\u00a1Vive en el Norte!\u00bb del gobernador. Por orden del gobernador regional, Andrei Chibis, la Universidad \u00c1rtica de M\u00farmansk (UAM) ha lanzado especialidades m\u00e9dicas, y el programa de residencia en medicina interna se inaugurar\u00e1 en el nuevo a\u00f1o acad\u00e9mico. Esto marca una nueva etapa en la formaci\u00f3n m\u00e9dica en la regi\u00f3n.<\/p>\n\n\n\n<p>La universidad recibi\u00f3 la licencia para lanzar un programa de residencia en la especialidad \u00abMedicina Interna\u00bb el 31 de agosto de 2001. La iniciativa para lanzar el programa fue impulsada por el Instituto de Ciencias M\u00e9dicas y Biol\u00f3gicas de la UAM y el Ministerio de Salud regional. La decisi\u00f3n se bas\u00f3 en la urgente necesidad de m\u00e9dicos de atenci\u00f3n primaria en la regi\u00f3n, as\u00ed como en la oportunidad para que los graduados contin\u00faen sus estudios en especialidades afines, como cardiolog\u00eda, gastroenterolog\u00eda, neumolog\u00eda y otras.<\/p>\n\n\n\n<p>El proceso de obtenci\u00f3n de la licencia dur\u00f3 cinco meses. La financiaci\u00f3n del equipo se proporcion\u00f3 mediante una subvenci\u00f3n del presupuesto regional. El programa de residencia de dos a\u00f1os de la Universidad M\u00e9dica de M\u00farmansk se basar\u00e1 en una formaci\u00f3n pr\u00e1ctica intensiva: ya se han firmado acuerdos con importantes organizaciones m\u00e9dicas de M\u00farmansk. La UAM&#8230; El Hospital Cl\u00ednico Regional Bayandin de M\u00farmansk, el Centro Cl\u00ednico Multidisciplinario Regional de M\u00farmansk, el Centro de Oncolog\u00eda y el Centro M\u00e9dico Regional se preparan para recibir a futuros m\u00e9dicos.<\/p>\n\n\n\n<p>El lanzamiento del programa de residencia representa un paso importante para la formaci\u00f3n m\u00e9dica profesional en la regi\u00f3n, ya que permite a los graduados dominar especialidades sin salir de su regi\u00f3n de origen. Adem\u00e1s, los residentes podr\u00e1n compaginar sus estudios con el trabajo en atenci\u00f3n primaria: tras el primer a\u00f1o de formaci\u00f3n, ser\u00e1n m\u00e9dicos internos en instituciones m\u00e9dicas.<\/p>\n\n\n\n<p>El Ministerio de Salud regional destac\u00f3 la importancia de lanzar su propio programa de residencia para la pol\u00edtica de recursos humanos de la regi\u00f3n \u00e1rtica.<\/p>\n\n\n\n<p>La formaci\u00f3n de residentes en la regi\u00f3n ofrece ventajas en cuanto a las condiciones educativas, la formaci\u00f3n pr\u00e1ctica y las oportunidades laborales. Durante su formaci\u00f3n, los residentes interactuar\u00e1n directamente con empleadores, m\u00e9dicos de renombre y pacientes, aprendiendo a diagnosticar y prescribir tratamientos en las condiciones reales en las que trabajar\u00e1n. La apertura de un programa de residencia en la Universidad \u00c1rtica de M\u00farmansk contribuir\u00e1 a la retenci\u00f3n de los graduados de medicina en la regi\u00f3n, reducir\u00e1 la escasez de especialistas y aliviar\u00e1 la necesidad de personal\u00bb, se\u00f1al\u00f3 Sergei Chukseyev, primer viceministro de Salud de la Regi\u00f3n de M\u00farmansk.<\/p>\n\n\n\n<p>(Murmansk es un \u00d3blast de Rusia en Europa)<\/p>\n\n\n\n<p>(Distrito Aut\u00f3nomo, Krai, \u00d3blast, Rep\u00fablica; de acuerdo con la Constituci\u00f3n de Rusia, son sujetos federales con rango jur\u00eddico diferente; pero en t\u00e9rminos reales son lo mismo, que es un pa\u00eds, dentro de Rusia, y Rusia est\u00e1 conformada por 87 pa\u00edses y dos Ciudades Federales y su territorio est\u00e1 en Europa y Asia)<\/p>\n","protected":false},"excerpt":{"rendered":"<p>M\u00farmansk, M\u00farmansk, Rusia, Europa.- Preparaci\u00f3n: El desarrollo del personal m\u00e9dico para la regi\u00f3n de M\u00farmansk&#8230;<\/p>\n","protected":false},"author":1,"featured_media":379947,"comment_status":"open","ping_status":"open","sticky":false,"template":"","format":"standard","meta":{"footnotes":""},"categories":[209],"tags":[],"class_list":["post-379946","post","type-post","status-publish","format-standard","has-post-thumbnail","hentry","category-rusia"],"gutentor_comment":0,"_links":{"self":[{"href":"https:\/\/www.elplaneta.mx\/index.php?rest_route=\/wp\/v2\/posts\/379946","targetHints":{"allow":["GET"]}}],"collection":[{"href":"https:\/\/www.elplaneta.mx\/index.php?rest_route=\/wp\/v2\/posts"}],"about":[{"href":"https:\/\/www.elplaneta.mx\/index.php?rest_route=\/wp\/v2\/types\/post"}],"author":[{"embeddable":true,"href":"https:\/\/www.elplaneta.mx\/index.php?rest_route=\/wp\/v2\/users\/1"}],"replies":[{"embeddable":true,"href":"https:\/\/www.elplaneta.mx\/index.php?rest_route=%2Fwp%2Fv2%2Fcomments&post=379946"}],"version-history":[{"count":1,"href":"https:\/\/www.elplaneta.mx\/index.php?rest_route=\/wp\/v2\/posts\/379946\/revisions"}],"predecessor-version":[{"id":379948,"href":"https:\/\/www.elplaneta.mx\/index.php?rest_route=\/wp\/v2\/posts\/379946\/revisions\/379948"}],"wp:featuredmedia":[{"embeddable":true,"href":"https:\/\/www.elplaneta.mx\/index.php?rest_route=\/wp\/v2\/media\/379947"}],"wp:attachment":[{"href":"https:\/\/www.elplaneta.mx\/index.php?rest_route=%2Fwp%2Fv2%2Fmedia&parent=379946"}],"wp:term":[{"taxonomy":"category","embeddable":true,"href":"https:\/\/www.elplaneta.mx\/index.php?rest_route=%2Fwp%2Fv2%2Fcategories&post=379946"},{"taxonomy":"post_tag","embeddable":true,"href":"https:\/\/www.elplaneta.mx\/index.php?rest_route=%2Fwp%2Fv2%2Ftags&post=379946"}],"curies":[{"name":"wp","href":"https:\/\/api.w.org\/{rel}","templated":true}]}}