{"id":379949,"date":"2026-03-09T08:57:44","date_gmt":"2026-03-09T14:57:44","guid":{"rendered":"https:\/\/www.elplaneta.mx\/?p=379949"},"modified":"2026-03-09T08:57:48","modified_gmt":"2026-03-09T14:57:48","slug":"por-el-8m-mas-de-75-actividades-academicas-y-culturales-informo-chanona-burguete","status":"publish","type":"post","link":"https:\/\/www.elplaneta.mx\/?p=379949","title":{"rendered":"Por el 8M, m\u00e1s de 75 actividades acad\u00e9micas y culturales, inform\u00f3 Chanona Burguete"},"content":{"rendered":"<div class=\"wp-block-image\">\n<figure class=\"alignleft size-full\"><img loading=\"lazy\" decoding=\"async\" width=\"590\" height=\"357\" src=\"https:\/\/www.elplaneta.mx\/wp-content\/themes\/elplaneta\/FOTOS\/9U34675685856.jpg\" alt=\"\" class=\"wp-image-379950\" srcset=\"https:\/\/www.elplaneta.mx\/wp-content\/themes\/elplaneta\/FOTOS\/9U34675685856.jpg 590w, https:\/\/www.elplaneta.mx\/wp-content\/themes\/elplaneta\/FOTOS\/9U34675685856-300x182.jpg 300w\" sizes=\"auto, (max-width: 590px) 100vw, 590px\" \/><\/figure><\/div>\n\n\n<p>Coyoac\u00e1n, Ciudad de M\u00e9xico, M\u00e9xico, Am\u00e9rica.- El 8 de marzo (8M), D\u00eda Internacional de la Mujer, es una fecha de memoria, reconocimiento, reivindicaci\u00f3n, conciencia, movilizaci\u00f3n, lucha y existencia de derechos, precis\u00f3 el director de la Facultad de Ciencias Pol\u00edticas y Sociales (FCPyS) de la UNAM, Alejandro Chanona Burguete.<\/p>\n\n\n\n<p>\u201cEs un d\u00eda que conmemora las luchas hist\u00f3ricas de las mujeres por la igualdad, la libertad, la justicia y la paz. Un d\u00eda para denunciar las brechas estructurales que persisten para que las ni\u00f1as, j\u00f3venes y mujeres gocen de una vida plena, digna, libre de todo tipo de violencia\u201d, apunt\u00f3.<\/p>\n\n\n\n<p>En el auditorio Ricardo Flores Mag\u00f3n de esa entidad universitaria, encabez\u00f3 la inauguraci\u00f3n de la jornada \u201cPor una Facultad libre de violencia\u201d, la cual incluye m\u00e1s de 75 actividades acad\u00e9micas, culturales y de reflexi\u00f3n durante marzo.<\/p>\n\n\n\n<p>Ante el secretario general de la FCPyS, D\u00e1maso Morales Ram\u00edrez, estim\u00f3 que a\u00fan falta mucho por hacer y record\u00f3: datos de la Comisi\u00f3n Econ\u00f3mica para Am\u00e9rica Latina y el Caribe (CEPAL), correspondientes a 2025, indican que en Am\u00e9rica Latina se han registrado 19 mil 254 feminicidios en los \u00faltimos cinco a\u00f1os.<\/p>\n\n\n\n<p>Construir los espacios que queremos<\/p>\n\n\n\n<p>M\u00f3nica Amilpas Garc\u00eda, secretaria t\u00e9cnica de la Unidad de G\u00e9nero de la FCPyS, sostuvo que para evitar las violencias el trabajo debe ser comunitario.<\/p>\n\n\n\n<p>\u201cTenemos que seguir visibilizando y actuando desde la cr\u00edtica, el acompa\u00f1amiento y el di\u00e1logo. Es el \u00fanico camino que vamos a poder seguir para alcanzar y poder vivir, en un momento no muy lejano, espacios libres de violencia\u201d, subray\u00f3.<\/p>\n\n\n\n<p>Al hacer uso de la palabra, la coordinadora de Seguimiento de Evaluaci\u00f3n del \u00c1mbito Disciplinario, Alejandra Garc\u00eda Cruz, celebr\u00f3 que en esa Facultad se cuente con la materia Violencias contra las mujeres, genealog\u00eda, actualidad y resistencias; la creaci\u00f3n de la unidad de g\u00e9nero, adem\u00e1s de la incorporaci\u00f3n de la perspectiva de g\u00e9nero en programas y tutor\u00edas.<\/p>\n\n\n\n<p>Para Selene Romero Guti\u00e9rrez, profesora del Centro de Relaciones Internacionales de la entidad, las ciencias sociales tienen la tarea fundamental de nombrar las desigualdades, cuestionar las estructuras de poder e imaginar horizontes m\u00e1s justos.<\/p>\n\n\n\n<p>Nuestra casa de estudios se constituye en un espacio donde se construyen conocimientos cr\u00edticos y se han visibilizado las demandas de las alumnas, acad\u00e9micas y trabajadoras para erradicar las violencias de g\u00e9nero dentro de nuestras instituciones, se\u00f1al\u00f3.<\/p>\n\n\n\n<p>La consejera estudiantil de Administraci\u00f3n P\u00fablica, Alondra M\u00e9ndez Vel\u00e1zquez, dijo que para muchas estar en la universidad es un triunfo contra la adversidad. \u201cLes pido que sigamos luchando por aquello que queremos, por nuestras metas y sue\u00f1os, pero tambi\u00e9n por lo que no tenemos. Sigamos siendo rebeldes y sabias, porque solo as\u00ed podemos transformar el mundo y hacerlo como queremos\u201d.<\/p>\n","protected":false},"excerpt":{"rendered":"<p>Coyoac\u00e1n, Ciudad de M\u00e9xico, M\u00e9xico, Am\u00e9rica.- El 8 de marzo (8M), D\u00eda Internacional de la&#8230;<\/p>\n","protected":false},"author":1,"featured_media":379950,"comment_status":"open","ping_status":"open","sticky":false,"template":"","format":"standard","meta":{"footnotes":""},"categories":[151],"tags":[],"class_list":["post-379949","post","type-post","status-publish","format-standard","has-post-thumbnail","hentry","category-espectaculos"],"gutentor_comment":0,"_links":{"self":[{"href":"https:\/\/www.elplaneta.mx\/index.php?rest_route=\/wp\/v2\/posts\/379949","targetHints":{"allow":["GET"]}}],"collection":[{"href":"https:\/\/www.elplaneta.mx\/index.php?rest_route=\/wp\/v2\/posts"}],"about":[{"href":"https:\/\/www.elplaneta.mx\/index.php?rest_route=\/wp\/v2\/types\/post"}],"author":[{"embeddable":true,"href":"https:\/\/www.elplaneta.mx\/index.php?rest_route=\/wp\/v2\/users\/1"}],"replies":[{"embeddable":true,"href":"https:\/\/www.elplaneta.mx\/index.php?rest_route=%2Fwp%2Fv2%2Fcomments&post=379949"}],"version-history":[{"count":1,"href":"https:\/\/www.elplaneta.mx\/index.php?rest_route=\/wp\/v2\/posts\/379949\/revisions"}],"predecessor-version":[{"id":379951,"href":"https:\/\/www.elplaneta.mx\/index.php?rest_route=\/wp\/v2\/posts\/379949\/revisions\/379951"}],"wp:featuredmedia":[{"embeddable":true,"href":"https:\/\/www.elplaneta.mx\/index.php?rest_route=\/wp\/v2\/media\/379950"}],"wp:attachment":[{"href":"https:\/\/www.elplaneta.mx\/index.php?rest_route=%2Fwp%2Fv2%2Fmedia&parent=379949"}],"wp:term":[{"taxonomy":"category","embeddable":true,"href":"https:\/\/www.elplaneta.mx\/index.php?rest_route=%2Fwp%2Fv2%2Fcategories&post=379949"},{"taxonomy":"post_tag","embeddable":true,"href":"https:\/\/www.elplaneta.mx\/index.php?rest_route=%2Fwp%2Fv2%2Ftags&post=379949"}],"curies":[{"name":"wp","href":"https:\/\/api.w.org\/{rel}","templated":true}]}}