{"id":379955,"date":"2026-03-09T09:04:58","date_gmt":"2026-03-09T15:04:58","guid":{"rendered":"https:\/\/www.elplaneta.mx\/?p=379955"},"modified":"2026-03-09T09:05:18","modified_gmt":"2026-03-09T15:05:18","slug":"obligan-al-tribunal-burocratico-de-tamaulipas-a-realizar-audiencia-incidental-en-24-horas","status":"publish","type":"post","link":"https:\/\/www.elplaneta.mx\/?p=379955","title":{"rendered":"Obligan al Tribunal Burocr\u00e1tico de Tamaulipas a realizar audiencia incidental en 24 horas"},"content":{"rendered":"<div class=\"wp-block-image\">\n<figure class=\"alignleft size-full is-resized\"><img loading=\"lazy\" decoding=\"async\" width=\"682\" height=\"512\" src=\"https:\/\/www.elplaneta.mx\/wp-content\/themes\/elplaneta\/FOTOS\/TCATSEM-Tamaulipas.jpg\" alt=\"\" class=\"wp-image-371087\" style=\"width:527px;height:auto\" srcset=\"https:\/\/www.elplaneta.mx\/wp-content\/themes\/elplaneta\/FOTOS\/TCATSEM-Tamaulipas.jpg 682w, https:\/\/www.elplaneta.mx\/wp-content\/themes\/elplaneta\/FOTOS\/TCATSEM-Tamaulipas-300x225.jpg 300w\" sizes=\"auto, (max-width: 682px) 100vw, 682px\" \/><figcaption class=\"wp-element-caption\">Interior de las oficinas del Tribunal de Conciliaci\u00f3n y Arbitraje de los Trabajadores al Servicio del Estado y los Municipios (Tcatsem), en Ciudad Victoria, Tamaulipas, M\u00e9xico, Am\u00e9rica.<\/figcaption><\/figure><\/div>\n\n<div class=\"wp-block-image\">\n<figure class=\"alignright size-full\"><img loading=\"lazy\" decoding=\"async\" width=\"158\" height=\"176\" src=\"https:\/\/www.elplaneta.mx\/wp-content\/themes\/elplaneta\/FOTOS\/Juez-Cecilia-Stephany-Ovalle-Lopez.jpg\" alt=\"\" class=\"wp-image-379956\" \/><figcaption class=\"wp-element-caption\">Juez Cecilia Stephany Ovalle L\u00f3pez<\/figcaption><\/figure><\/div>\n\n\n<p>Ciudad Victoria, Tamaulipas, M\u00e9xico, Am\u00e9rica.- El Poder Judicial Federal, obligo al Tribunal de Conciliaci\u00f3n y Arbitraje para los Trabajadores al Servicio del Estado y los Municipios (Tcatsem), a desarrollar una audiencia incidental de liquidaci\u00f3n en 24 horas, ello en cumplimiento a la sentencia 1618\/2025, que otorgo el amparo por haberse violado la garant\u00eda constitucional de justicia r\u00e1pida, al se\u00f1arse cinco meses para dicha audiencia.<\/p>\n\n\n\n<p>La Juez Cecilia Stephany Ovalle L\u00f3pez, titular del Juzgado Decimoprimero de Distrito en Victoria, determino en la sentencia que, mediante prove\u00eddo de 15 de agosto de 2025, se &nbsp;se\u00f1alaron las 14 horas con 30 minutos del 29 de enero de 2026, para el desahogo de la audiencia incidental de liquidaci\u00f3n, dentro del expediente laboral 138\/E\/2012, como puede observarse, el desahogo de la referida audiencia, fue programado a un t\u00e9rmino excesivo, porque su desahogo debi\u00f3 programarse dentro de las veinticuatro horas siguientes.<\/p>\n\n\n\n<p>La Gobernante Judicial, califico de fundados los conceptos de violaci\u00f3n esgrimidos por la demandante, complementados de conformidad con el art\u00edculo 79, fracci\u00f3n V, de la Ley de Amparo, toda vez que no se encuentra justificado el actuar de las autoridades responsables, al ser omisas en apegarse a los plazos de ley, causando perjuicio a quienes buscan justicia laboral.<\/p>\n\n\n\n<p>El art\u00edculo 763 de la Ley Federal del Trabajo, dispone que los incidentes que no tengan se\u00f1alada una tramitaci\u00f3n especial se resolver\u00e1n de plano oyendo a las partes; se se\u00f1alar\u00e1 d\u00eda y hora para la celebraci\u00f3n de la audiencia incidental, que se realizar\u00e1 dentro de las veinticuatro horas siguientes, en la que las partes podr\u00e1n ofrecer y desahogar pruebas documentales e instrumentales para que de inmediato se resuelva el incidente, continu\u00e1ndose el procedimiento.<\/p>\n\n\n\n<p>El Juzgado emite la sentencia otorgando el amparo para que, se deje insubsistente el auto dictado el 15 de agosto de 2025, exclusivamente en cuanto a la hora y fecha se\u00f1alada para el desahogo de la audiencia incidental de liquidaci\u00f3n, y se dicte otro donde programe su desahogo dentro de las veinticuatro horas siguientes; destacando que se procedi\u00f3 a declarar cumplida para todos los efectos legales.<\/p>\n\n\n\n<p><\/p>\n","protected":false},"excerpt":{"rendered":"<p>Ciudad Victoria, Tamaulipas, M\u00e9xico, Am\u00e9rica.- El Poder Judicial Federal, obligo al Tribunal de Conciliaci\u00f3n y&#8230;<\/p>\n","protected":false},"author":1,"featured_media":371087,"comment_status":"open","ping_status":"open","sticky":false,"template":"","format":"standard","meta":{"footnotes":""},"categories":[6,583,20],"tags":[],"class_list":["post-379955","post","type-post","status-publish","format-standard","has-post-thumbnail","hentry","category-baltazar","category-principales","category-tamaulipas"],"gutentor_comment":0,"_links":{"self":[{"href":"https:\/\/www.elplaneta.mx\/index.php?rest_route=\/wp\/v2\/posts\/379955","targetHints":{"allow":["GET"]}}],"collection":[{"href":"https:\/\/www.elplaneta.mx\/index.php?rest_route=\/wp\/v2\/posts"}],"about":[{"href":"https:\/\/www.elplaneta.mx\/index.php?rest_route=\/wp\/v2\/types\/post"}],"author":[{"embeddable":true,"href":"https:\/\/www.elplaneta.mx\/index.php?rest_route=\/wp\/v2\/users\/1"}],"replies":[{"embeddable":true,"href":"https:\/\/www.elplaneta.mx\/index.php?rest_route=%2Fwp%2Fv2%2Fcomments&post=379955"}],"version-history":[{"count":1,"href":"https:\/\/www.elplaneta.mx\/index.php?rest_route=\/wp\/v2\/posts\/379955\/revisions"}],"predecessor-version":[{"id":379957,"href":"https:\/\/www.elplaneta.mx\/index.php?rest_route=\/wp\/v2\/posts\/379955\/revisions\/379957"}],"wp:featuredmedia":[{"embeddable":true,"href":"https:\/\/www.elplaneta.mx\/index.php?rest_route=\/wp\/v2\/media\/371087"}],"wp:attachment":[{"href":"https:\/\/www.elplaneta.mx\/index.php?rest_route=%2Fwp%2Fv2%2Fmedia&parent=379955"}],"wp:term":[{"taxonomy":"category","embeddable":true,"href":"https:\/\/www.elplaneta.mx\/index.php?rest_route=%2Fwp%2Fv2%2Fcategories&post=379955"},{"taxonomy":"post_tag","embeddable":true,"href":"https:\/\/www.elplaneta.mx\/index.php?rest_route=%2Fwp%2Fv2%2Ftags&post=379955"}],"curies":[{"name":"wp","href":"https:\/\/api.w.org\/{rel}","templated":true}]}}