{"id":379963,"date":"2026-03-09T15:45:38","date_gmt":"2026-03-09T21:45:38","guid":{"rendered":"https:\/\/www.elplaneta.mx\/?p=379963"},"modified":"2026-03-09T15:45:43","modified_gmt":"2026-03-09T21:45:43","slug":"nueva-terminal-aeroportuaria-de-anguila-recibe-vuelo-inaugural-de-anguillaair","status":"publish","type":"post","link":"https:\/\/www.elplaneta.mx\/?p=379963","title":{"rendered":"Nueva terminal aeroportuaria de Anguila, recibe vuelo inaugural de anguillaair"},"content":{"rendered":"<div class=\"wp-block-image\">\n<figure class=\"alignleft size-full\"><img loading=\"lazy\" decoding=\"async\" width=\"639\" height=\"401\" src=\"https:\/\/www.elplaneta.mx\/wp-content\/themes\/elplaneta\/FOTOS\/9A236496866.jpg\" alt=\"\" class=\"wp-image-379964\" srcset=\"https:\/\/www.elplaneta.mx\/wp-content\/themes\/elplaneta\/FOTOS\/9A236496866.jpg 639w, https:\/\/www.elplaneta.mx\/wp-content\/themes\/elplaneta\/FOTOS\/9A236496866-300x188.jpg 300w, https:\/\/www.elplaneta.mx\/wp-content\/themes\/elplaneta\/FOTOS\/9A236496866-540x340.jpg 540w, https:\/\/www.elplaneta.mx\/wp-content\/themes\/elplaneta\/FOTOS\/9A236496866-400x250.jpg 400w\" sizes=\"auto, (max-width: 639px) 100vw, 639px\" \/><\/figure><\/div>\n\n\n<p>El Valle, Anguila, Am\u00e9rica.- AnguillaAir, un nuevo puente a\u00e9reo auspiciado por BermudaAir, realiz\u00f3 su vuelo inaugural a Anguila desde el Aeropuerto Internacional Logan de Boston la tarde del mi\u00e9rcoles 17 de diciembre. Este fue el primer vuelo programado de la aerol\u00ednea fuera de Bermudas, directamente a Anguila, y una primicia para la creciente presencia de la aerol\u00ednea en la regi\u00f3n del Caribe.<\/p>\n\n\n\n<p>Este hito en la historia de la aviaci\u00f3n de Anguila marca un paso importante en el fortalecimiento y la mejora del acceso a\u00e9reo a la isla. El vuelo procedente de Boston aterriz\u00f3 en el Aeropuerto Internacional Clayton J. Lloyd a las 16:15 h. A bordo del vuelo inaugural de la aerol\u00ednea a Anguila se encontraban el Honorable Ministro de Turismo, Sr. Cardigan Connor, y el Honorable Ministro de Infraestructura y Comunicaciones, Sr. Jose Vanterpool. Ambos funcionarios ministeriales partieron de la isla con destino a Boston el lunes 15 de diciembre para contactar con el personal de la aerol\u00ednea y acompa\u00f1ar a los pasajeros y la tripulaci\u00f3n a Anguila, d\u00e1ndoles la bienvenida a la nueva terminal del Aeropuerto Internacional Clayton J. Lloyd.<\/p>\n\n\n\n<p>Se respiraba un ambiente de entusiasmo entre quienes pudieron acceder a la pista para presenciar el evento de cerca, y decenas de veh\u00edculos se estacionaron cerca de la valla perimetral, desde donde los espectadores pudieron disfrutar de una buena vista del evento. La cinta inaugural fue cortada por la Honorable Primera Ministra, Sra. Cora Richardson-Hodge, acompa\u00f1ada por el fundador y director ejecutivo de BermudaAir, Adam Scott, y otros funcionarios gubernamentales.<\/p>\n\n\n\n<p>En un comunicado de prensa a principios de este a\u00f1o, el Sr. Scott declar\u00f3: \u00abEsto es m\u00e1s que una nueva ruta. Es un reflejo del prop\u00f3sito de BermudaAir: fortalecer las conexiones entre las islas, brindar un servicio excepcional y generar valor econ\u00f3mico duradero para Bermudas y m\u00e1s all\u00e1\u00bb.<\/p>\n\n\n\n<p>La ceremonia formal de bienvenida tuvo lugar en el mirador del entrepiso de la terminal.<\/p>\n\n\n\n<p>(Anguila, es un pa\u00eds en Am\u00e9rica, dependiente del Reino Unido)<\/p>\n","protected":false},"excerpt":{"rendered":"<p>El Valle, Anguila, Am\u00e9rica.- AnguillaAir, un nuevo puente a\u00e9reo auspiciado por BermudaAir, realiz\u00f3 su vuelo&#8230;<\/p>\n","protected":false},"author":1,"featured_media":379964,"comment_status":"open","ping_status":"open","sticky":false,"template":"","format":"standard","meta":{"footnotes":""},"categories":[139],"tags":[],"class_list":["post-379963","post","type-post","status-publish","format-standard","has-post-thumbnail","hentry","category-continental"],"gutentor_comment":0,"_links":{"self":[{"href":"https:\/\/www.elplaneta.mx\/index.php?rest_route=\/wp\/v2\/posts\/379963","targetHints":{"allow":["GET"]}}],"collection":[{"href":"https:\/\/www.elplaneta.mx\/index.php?rest_route=\/wp\/v2\/posts"}],"about":[{"href":"https:\/\/www.elplaneta.mx\/index.php?rest_route=\/wp\/v2\/types\/post"}],"author":[{"embeddable":true,"href":"https:\/\/www.elplaneta.mx\/index.php?rest_route=\/wp\/v2\/users\/1"}],"replies":[{"embeddable":true,"href":"https:\/\/www.elplaneta.mx\/index.php?rest_route=%2Fwp%2Fv2%2Fcomments&post=379963"}],"version-history":[{"count":1,"href":"https:\/\/www.elplaneta.mx\/index.php?rest_route=\/wp\/v2\/posts\/379963\/revisions"}],"predecessor-version":[{"id":379965,"href":"https:\/\/www.elplaneta.mx\/index.php?rest_route=\/wp\/v2\/posts\/379963\/revisions\/379965"}],"wp:featuredmedia":[{"embeddable":true,"href":"https:\/\/www.elplaneta.mx\/index.php?rest_route=\/wp\/v2\/media\/379964"}],"wp:attachment":[{"href":"https:\/\/www.elplaneta.mx\/index.php?rest_route=%2Fwp%2Fv2%2Fmedia&parent=379963"}],"wp:term":[{"taxonomy":"category","embeddable":true,"href":"https:\/\/www.elplaneta.mx\/index.php?rest_route=%2Fwp%2Fv2%2Fcategories&post=379963"},{"taxonomy":"post_tag","embeddable":true,"href":"https:\/\/www.elplaneta.mx\/index.php?rest_route=%2Fwp%2Fv2%2Ftags&post=379963"}],"curies":[{"name":"wp","href":"https:\/\/api.w.org\/{rel}","templated":true}]}}