{"id":379984,"date":"2026-03-09T17:13:16","date_gmt":"2026-03-09T23:13:16","guid":{"rendered":"https:\/\/www.elplaneta.mx\/?p=379984"},"modified":"2026-03-09T17:13:19","modified_gmt":"2026-03-09T23:13:19","slug":"mujeres-desbordan-ciudad-de-mexico-en-un-clamor-contra-la-violencia-y-el-olvido","status":"publish","type":"post","link":"https:\/\/www.elplaneta.mx\/?p=379984","title":{"rendered":"Mujeres desbordan Ciudad de M\u00e9xico, en un clamor contra la violencia y el olvido"},"content":{"rendered":"<div class=\"wp-block-image\">\n<figure class=\"alignleft size-full\"><img loading=\"lazy\" decoding=\"async\" width=\"514\" height=\"346\" src=\"https:\/\/www.elplaneta.mx\/wp-content\/themes\/elplaneta\/FOTOS\/9C36485674733.jpg\" alt=\"\" class=\"wp-image-379985\" srcset=\"https:\/\/www.elplaneta.mx\/wp-content\/themes\/elplaneta\/FOTOS\/9C36485674733.jpg 514w, https:\/\/www.elplaneta.mx\/wp-content\/themes\/elplaneta\/FOTOS\/9C36485674733-300x202.jpg 300w\" sizes=\"auto, (max-width: 514px) 100vw, 514px\" \/><\/figure><\/div>\n\n\n<p>Cuauht\u00e9moc, Ciudad de M\u00e9xico, M\u00e9xico, Am\u00e9rica.- Ciudad de M\u00e9xico.- En el marco del D\u00eda Internacional de la Mujer, la Ciudad de M\u00e9xico se convirti\u00f3 en el epicentro de una movilizaci\u00f3n masiva donde miles de mujeres denunciaron la persistente violencia machista. Con consignas que recordaban a las v\u00edctimas y exig\u00edan seguridad, la marcha transcurri\u00f3 en un pa\u00eds donde, en promedio, 10 f\u00e9minas son asesinadas diariamente.<\/p>\n\n\n\n<p>Esta jornada marca el segundo a\u00f1o consecutivo en que el movimiento feminista se manifiesta bajo la administraci\u00f3n de la presidenta Claudia Sheinbaum Pardo.<\/p>\n\n\n\n<p>Un elemento distintivo de esta movilizaci\u00f3n fue la alta participaci\u00f3n de adolescentes y j\u00f3venes que caminaron por primera vez. Motivadas por el temor cotidiano al transitar las calles, j\u00f3venes de apenas 17 a\u00f1os expresaron su necesidad de manifestarse ante un entorno hostil.<\/p>\n\n\n\n<p>Esta preocupaci\u00f3n no es menor, cifras del Inegi revelan que el 70% de las mexicanas mayores de 15 a\u00f1os han sido v\u00edctimas de alg\u00fan tipo de violencia.<\/p>\n\n\n\n<p>Para canalizar estas demandas, organizaciones como Balance A.C. impulsaron bloques espec\u00edficos para juventudes, enfocados en la autonom\u00eda corporal, el acceso al aborto libre y una educaci\u00f3n sexual integral.<\/p>\n\n\n\n<p>Estas colectivas hicieron un llamado urgente a ser tomadas en cuenta en el dise\u00f1o de pol\u00edticas p\u00fablicas, denunciando que sus necesidades suelen ser ignoradas en los debates oficiales.<\/p>\n\n\n\n<p>La protesta tambi\u00e9n evidenci\u00f3 la tensi\u00f3n entre el Gobierno y el movimiento. Mientras el Palacio Nacional y otros edificios hist\u00f3ricos fueron resguardados tras vallas met\u00e1licas, la administraci\u00f3n capitalina opt\u00f3 por una iluminaci\u00f3n monumental en color morado.<\/p>\n\n\n\n<p>Este despliegue de seguridad sobre la infraestructura fue criticado por las asistentes, quienes se\u00f1alaron la contradicci\u00f3n de proteger monumentos mientras la seguridad de las mujeres sigue siendo una tarea pendiente.<\/p>\n\n\n\n<p>La movilizaci\u00f3n fue un espacio de convergencia para diversas causas, incluyendo a la comunidad de mujeres sordas, quienes alertaron sobre la extrema vulnerabilidad que enfrentan debido a las barreras de comunicaci\u00f3n, lo que las hace v\u00edctimas frecuentes de secuestros y asesinatos que pasan desapercibidos.<\/p>\n\n\n\n<p>El panorama estad\u00edstico refuerza la urgencia de estas demandas:<\/p>\n\n\n\n<p>\u2022&nbsp;&nbsp;&nbsp; Durante 2025, se contabilizaron 2 mil 798 asesinatos de mujeres, de los cuales solo 725 fueron tipificados como feminicidios.<\/p>\n\n\n\n<p>\u2022&nbsp;&nbsp;&nbsp; Persiste una crisis de desapariciones, con m\u00e1s de 130 mil personas no localizadas en el pa\u00eds; una cuarta parte de estas v\u00edctimas son mujeres.<\/p>\n\n\n\n<p>\u2022&nbsp;&nbsp;&nbsp; Las organizaciones civiles advierten que muchas muertes violentas no son investigadas correctamente bajo una perspectiva de g\u00e9nero.<\/p>\n\n\n\n<p>\u2022&nbsp;&nbsp;&nbsp; La movilizaci\u00f3n concluy\u00f3 en el Z\u00f3calo capitalino, reafirmando que, pese a los muros met\u00e1licos y los gestos simb\u00f3licos del gobierno, el coraz\u00f3n del movimiento sigue latiendo por aquellas que ya no pueden alzar la voz.<\/p>\n","protected":false},"excerpt":{"rendered":"<p>Cuauht\u00e9moc, Ciudad de M\u00e9xico, M\u00e9xico, Am\u00e9rica.- Ciudad de M\u00e9xico.- En el marco del D\u00eda Internacional&#8230;<\/p>\n","protected":false},"author":1,"featured_media":379985,"comment_status":"open","ping_status":"open","sticky":false,"template":"","format":"standard","meta":{"footnotes":""},"categories":[130],"tags":[],"class_list":["post-379984","post","type-post","status-publish","format-standard","has-post-thumbnail","hentry","category-nacional"],"gutentor_comment":0,"_links":{"self":[{"href":"https:\/\/www.elplaneta.mx\/index.php?rest_route=\/wp\/v2\/posts\/379984","targetHints":{"allow":["GET"]}}],"collection":[{"href":"https:\/\/www.elplaneta.mx\/index.php?rest_route=\/wp\/v2\/posts"}],"about":[{"href":"https:\/\/www.elplaneta.mx\/index.php?rest_route=\/wp\/v2\/types\/post"}],"author":[{"embeddable":true,"href":"https:\/\/www.elplaneta.mx\/index.php?rest_route=\/wp\/v2\/users\/1"}],"replies":[{"embeddable":true,"href":"https:\/\/www.elplaneta.mx\/index.php?rest_route=%2Fwp%2Fv2%2Fcomments&post=379984"}],"version-history":[{"count":1,"href":"https:\/\/www.elplaneta.mx\/index.php?rest_route=\/wp\/v2\/posts\/379984\/revisions"}],"predecessor-version":[{"id":379986,"href":"https:\/\/www.elplaneta.mx\/index.php?rest_route=\/wp\/v2\/posts\/379984\/revisions\/379986"}],"wp:featuredmedia":[{"embeddable":true,"href":"https:\/\/www.elplaneta.mx\/index.php?rest_route=\/wp\/v2\/media\/379985"}],"wp:attachment":[{"href":"https:\/\/www.elplaneta.mx\/index.php?rest_route=%2Fwp%2Fv2%2Fmedia&parent=379984"}],"wp:term":[{"taxonomy":"category","embeddable":true,"href":"https:\/\/www.elplaneta.mx\/index.php?rest_route=%2Fwp%2Fv2%2Fcategories&post=379984"},{"taxonomy":"post_tag","embeddable":true,"href":"https:\/\/www.elplaneta.mx\/index.php?rest_route=%2Fwp%2Fv2%2Ftags&post=379984"}],"curies":[{"name":"wp","href":"https:\/\/api.w.org\/{rel}","templated":true}]}}