{"id":379990,"date":"2026-03-09T17:20:46","date_gmt":"2026-03-09T23:20:46","guid":{"rendered":"https:\/\/www.elplaneta.mx\/?p=379990"},"modified":"2026-03-09T17:20:50","modified_gmt":"2026-03-09T23:20:50","slug":"mujeres-marchan-en-victoria-exigiendo-justicia-y-seguridad","status":"publish","type":"post","link":"https:\/\/www.elplaneta.mx\/?p=379990","title":{"rendered":"Mujeres marchan en Victoria, exigiendo justicia y seguridad"},"content":{"rendered":"<div class=\"wp-block-image\">\n<figure class=\"alignleft size-full\"><img loading=\"lazy\" decoding=\"async\" width=\"688\" height=\"405\" src=\"https:\/\/www.elplaneta.mx\/wp-content\/themes\/elplaneta\/FOTOS\/9T367406867.jpeg\" alt=\"\" class=\"wp-image-379991\" srcset=\"https:\/\/www.elplaneta.mx\/wp-content\/themes\/elplaneta\/FOTOS\/9T367406867.jpeg 688w, https:\/\/www.elplaneta.mx\/wp-content\/themes\/elplaneta\/FOTOS\/9T367406867-300x177.jpeg 300w\" sizes=\"auto, (max-width: 688px) 100vw, 688px\" \/><\/figure><\/div>\n\n\n<p>Ciudad Victoria, Tamaulipas, M\u00e9xico, Am\u00e9rica.- Alzando la voz a trav\u00e9s de sus carteles, de su testimonio, de su apoyo, fue como mujeres en Ciudad Victoria marcharon ante miles de casos que se escriben a diario en este pa\u00eds y de lo que la justicia ha quedado muy lejos.<\/p>\n\n\n\n<p>La movilizaci\u00f3n por el 8M parti\u00f3 del patinadero del estadio Marte R. G\u00f3mez, avanz\u00f3 por la calle 17 para concluir en el Paseo M\u00e9ndez, donde colectivos de desaparecidos, v\u00edctimas de delitos, madres buscadoras, personal de salud y ciudadanas en general levantaron la voz.<\/p>\n\n\n\n<p>La marcha estuvo marcada por consignas, pancartas y testimonios de mujeres que denuncian distintas formas de violencia, entre los contingentes participan madres buscadoras que contin\u00faan rastreando a sus familiares desaparecidos, mujeres v\u00edctimas de delitos y m\u00e9dicas del Hospital Infantil que denuncian agresiones sexuales ocurridas dentro de espacios que deber\u00edan ser seguros.<\/p>\n\n\n\n<p>Durante el acto, una de las voces m\u00e1s escuchadas fue la de la doctora Daniela Garc\u00eda, quien habl\u00f3 p\u00fablicamente sobre la agresi\u00f3n sexual que ella y una compa\u00f1era denunciaron haber sufrido dentro del hospital infantil y ante la multitud, pidi\u00f3 respeto al proceso legal y a la identidad de su amiga.<\/p>\n\n\n\n<p>Se\u00f1al\u00f3 que en redes sociales se ha difundido informaci\u00f3n falsa sobre el caso, lo que ha generado desinformaci\u00f3n y revictimizaci\u00f3n.<\/p>\n\n\n\n<p>Tras su testimonio otras mujeres decidieron tambi\u00e9n alzar la voz, una de ellas Tania quien hace 3 semanas fue agredida y ha perdido un \u00f3rgano vital a causa de su expareja quien sigue pr\u00f3fugo.<\/p>\n\n\n\n<p>Una joven tambi\u00e9n denunci\u00f3 la muerte de su madre, Anabel, quien, al decidir divorciarse, eso le cost\u00f3 la vida.<\/p>\n\n\n\n<p>Otras mujeres denunciaron que llevan m\u00e1s de 15 a\u00f1os luchando en carpetas de investigaci\u00f3n por acoso laboral, despido injustificado y no han sido escuchadas ni atendidas por una autoridad en Tamaulipas.Reportajes regionales<\/p>\n\n\n\n<p>Tras alzar la voz tambi\u00e9n colocaron tendederos con casos de hombres pr\u00f3fugos de la justicia y otros a quienes acusaron de violentadores como el actual alcalde de Victoria.<\/p>\n\n\n\n<p>La marcha no solo fue una conmemoraci\u00f3n del 8M, sino tambi\u00e9n un recordatorio de que la exigencia de justicia y de espacios seguros para las mujeres contin\u00faa siendo una deuda pendiente.<\/p>\n","protected":false},"excerpt":{"rendered":"<p>Ciudad Victoria, Tamaulipas, M\u00e9xico, Am\u00e9rica.- Alzando la voz a trav\u00e9s de sus carteles, de su&#8230;<\/p>\n","protected":false},"author":1,"featured_media":379991,"comment_status":"open","ping_status":"open","sticky":false,"template":"","format":"standard","meta":{"footnotes":""},"categories":[20,150],"tags":[],"class_list":["post-379990","post","type-post","status-publish","format-standard","has-post-thumbnail","hentry","category-tamaulipas","category-victoria-2"],"gutentor_comment":0,"_links":{"self":[{"href":"https:\/\/www.elplaneta.mx\/index.php?rest_route=\/wp\/v2\/posts\/379990","targetHints":{"allow":["GET"]}}],"collection":[{"href":"https:\/\/www.elplaneta.mx\/index.php?rest_route=\/wp\/v2\/posts"}],"about":[{"href":"https:\/\/www.elplaneta.mx\/index.php?rest_route=\/wp\/v2\/types\/post"}],"author":[{"embeddable":true,"href":"https:\/\/www.elplaneta.mx\/index.php?rest_route=\/wp\/v2\/users\/1"}],"replies":[{"embeddable":true,"href":"https:\/\/www.elplaneta.mx\/index.php?rest_route=%2Fwp%2Fv2%2Fcomments&post=379990"}],"version-history":[{"count":1,"href":"https:\/\/www.elplaneta.mx\/index.php?rest_route=\/wp\/v2\/posts\/379990\/revisions"}],"predecessor-version":[{"id":379992,"href":"https:\/\/www.elplaneta.mx\/index.php?rest_route=\/wp\/v2\/posts\/379990\/revisions\/379992"}],"wp:featuredmedia":[{"embeddable":true,"href":"https:\/\/www.elplaneta.mx\/index.php?rest_route=\/wp\/v2\/media\/379991"}],"wp:attachment":[{"href":"https:\/\/www.elplaneta.mx\/index.php?rest_route=%2Fwp%2Fv2%2Fmedia&parent=379990"}],"wp:term":[{"taxonomy":"category","embeddable":true,"href":"https:\/\/www.elplaneta.mx\/index.php?rest_route=%2Fwp%2Fv2%2Fcategories&post=379990"},{"taxonomy":"post_tag","embeddable":true,"href":"https:\/\/www.elplaneta.mx\/index.php?rest_route=%2Fwp%2Fv2%2Ftags&post=379990"}],"curies":[{"name":"wp","href":"https:\/\/api.w.org\/{rel}","templated":true}]}}