{"id":380012,"date":"2026-03-10T09:02:01","date_gmt":"2026-03-10T15:02:01","guid":{"rendered":"https:\/\/www.elplaneta.mx\/?p=380012"},"modified":"2026-03-10T09:02:05","modified_gmt":"2026-03-10T15:02:05","slug":"un-avion-de-aeromexico-aterriza-de-emergencia-en-veracruz","status":"publish","type":"post","link":"https:\/\/www.elplaneta.mx\/?p=380012","title":{"rendered":"Un avi\u00f3n de Aerom\u00e9xico, aterriza de emergencia en Veracruz"},"content":{"rendered":"<div class=\"wp-block-image\">\n<figure class=\"alignleft size-full\"><img loading=\"lazy\" decoding=\"async\" width=\"480\" height=\"320\" src=\"https:\/\/www.elplaneta.mx\/wp-content\/themes\/elplaneta\/FOTOS\/10V364684756.jpg\" alt=\"\" class=\"wp-image-380013\" srcset=\"https:\/\/www.elplaneta.mx\/wp-content\/themes\/elplaneta\/FOTOS\/10V364684756.jpg 480w, https:\/\/www.elplaneta.mx\/wp-content\/themes\/elplaneta\/FOTOS\/10V364684756-300x200.jpg 300w\" sizes=\"auto, (max-width: 480px) 100vw, 480px\" \/><\/figure><\/div>\n\n\n<p>Xalapa, Veracruz, M\u00e9xico, Am\u00e9rica.- Un avi\u00f3n Embraer E190 perteneciente Aerom\u00e9xico Connect declar\u00f3 emergencia durante un vuelo de Minatitl\u00e1n, Veracruz, hacia la Ciudad de M\u00e9xico.<\/p>\n\n\n\n<p>De acuerdo con Flightradar, el vuelo AM2523 despeg\u00f3 a las 15:26 horas, con una hora estimada de aterrizaje a las 16:45 horas.<\/p>\n\n\n\n<p>Sin embargo, cuando sobrevolaba a la altura del Municipio de Tehuac\u00e1n, en Puebla, la aeronave cambi\u00f3 su rumbo hacia el Aeropuerto Internacional de Veracruz, en la capital estatal.<\/p>\n\n\n\n<p>Reportes extraoficiales se\u00f1alan que la aeronave transmiti\u00f3 el c\u00f3digo de emergencia squawk 7700, utilizado para indicar una emergencia general y pedir apoyo al personal de tr\u00e1fico a\u00e9reo.<\/p>\n","protected":false},"excerpt":{"rendered":"<p>Xalapa, Veracruz, M\u00e9xico, Am\u00e9rica.- Un avi\u00f3n Embraer E190 perteneciente Aerom\u00e9xico Connect declar\u00f3 emergencia durante un&#8230;<\/p>\n","protected":false},"author":1,"featured_media":380013,"comment_status":"open","ping_status":"open","sticky":false,"template":"","format":"standard","meta":{"footnotes":""},"categories":[130],"tags":[],"class_list":["post-380012","post","type-post","status-publish","format-standard","has-post-thumbnail","hentry","category-nacional"],"gutentor_comment":0,"_links":{"self":[{"href":"https:\/\/www.elplaneta.mx\/index.php?rest_route=\/wp\/v2\/posts\/380012","targetHints":{"allow":["GET"]}}],"collection":[{"href":"https:\/\/www.elplaneta.mx\/index.php?rest_route=\/wp\/v2\/posts"}],"about":[{"href":"https:\/\/www.elplaneta.mx\/index.php?rest_route=\/wp\/v2\/types\/post"}],"author":[{"embeddable":true,"href":"https:\/\/www.elplaneta.mx\/index.php?rest_route=\/wp\/v2\/users\/1"}],"replies":[{"embeddable":true,"href":"https:\/\/www.elplaneta.mx\/index.php?rest_route=%2Fwp%2Fv2%2Fcomments&post=380012"}],"version-history":[{"count":1,"href":"https:\/\/www.elplaneta.mx\/index.php?rest_route=\/wp\/v2\/posts\/380012\/revisions"}],"predecessor-version":[{"id":380015,"href":"https:\/\/www.elplaneta.mx\/index.php?rest_route=\/wp\/v2\/posts\/380012\/revisions\/380015"}],"wp:featuredmedia":[{"embeddable":true,"href":"https:\/\/www.elplaneta.mx\/index.php?rest_route=\/wp\/v2\/media\/380013"}],"wp:attachment":[{"href":"https:\/\/www.elplaneta.mx\/index.php?rest_route=%2Fwp%2Fv2%2Fmedia&parent=380012"}],"wp:term":[{"taxonomy":"category","embeddable":true,"href":"https:\/\/www.elplaneta.mx\/index.php?rest_route=%2Fwp%2Fv2%2Fcategories&post=380012"},{"taxonomy":"post_tag","embeddable":true,"href":"https:\/\/www.elplaneta.mx\/index.php?rest_route=%2Fwp%2Fv2%2Ftags&post=380012"}],"curies":[{"name":"wp","href":"https:\/\/api.w.org\/{rel}","templated":true}]}}