{"id":380019,"date":"2026-03-10T09:11:41","date_gmt":"2026-03-10T15:11:41","guid":{"rendered":"https:\/\/www.elplaneta.mx\/?p=380019"},"modified":"2026-03-10T09:12:12","modified_gmt":"2026-03-10T15:12:12","slug":"estudiantes-de-produccion-audiovisual-ganan-rally-cinematografico-uag","status":"publish","type":"post","link":"https:\/\/www.elplaneta.mx\/?p=380019","title":{"rendered":"Estudiantes de Producci\u00f3n Audiovisual ganan rally cinematogr\u00e1fico: UAG"},"content":{"rendered":"<div class=\"wp-block-image\">\n<figure class=\"alignleft size-full is-resized\"><img loading=\"lazy\" decoding=\"async\" width=\"540\" height=\"479\" src=\"https:\/\/www.elplaneta.mx\/wp-content\/themes\/elplaneta\/FOTOS\/10J36395746755.jpg\" alt=\"\" class=\"wp-image-380020\" style=\"width:420px;height:auto\" srcset=\"https:\/\/www.elplaneta.mx\/wp-content\/themes\/elplaneta\/FOTOS\/10J36395746755.jpg 540w, https:\/\/www.elplaneta.mx\/wp-content\/themes\/elplaneta\/FOTOS\/10J36395746755-300x266.jpg 300w\" sizes=\"auto, (max-width: 540px) 100vw, 540px\" \/><\/figure><\/div>\n\n\n<p>Guadalajara, Jalisco, M\u00e9xico, Am\u00e9rica.- Alumnos de la Licenciatura en Producci\u00f3n Audiovisual, de la Universidad Aut\u00f3noma de Guadalajara (UAG), obtuvieron el primer lugar en la categor\u00eda de rally universitario del programa \u201cDe la ida a la pantalla\u201d, organizado por el Gobierno de Zapopan.<\/p>\n\n\n\n<p>El equipo, integrado por los alumnos H\u00e9ctor Ruiz Aldana, Jessica G\u00f3mez de Zamacona, Emilio Villegas Duarte, Juan Manuel \u00c1valos Tovar, \u00c1ngel Estrada y Vruno Candelas, estudiante del octavo semestre, destacaron gracias a su proyecto \u201cEl Fuerte de los Sue\u00f1os\u201d.<\/p>\n\n\n\n<p>El rally universitario contempl\u00f3 una etapa de formaci\u00f3n te\u00f3rica en \u00e1reas como guion, iluminaci\u00f3n, audio y posproducci\u00f3n, seguida de 48 horas continuas de rodaje y un periodo posterior de edici\u00f3n.<\/p>\n\n\n\n<p>Los proyectos fueron evaluados por un jurado conformado por especialistas en cine, lo que permiti\u00f3 a los estudiantes vivir una experiencia cercana a la din\u00e1mica profesional de la industria audiovisual.<\/p>\n\n\n\n<p>En apoyo a la infancia<\/p>\n\n\n\n<p>La creatividad universitaria dio el salto a la pantalla grande con historias sobre el hogar, la imaginaci\u00f3n y la infancia, que cobraron vida ante el p\u00fablico y evidenciaron el talento emergente en el \u00e1mbito audiovisual.<\/p>\n\n\n\n<p>En la Sala 2 de la Cineteca se realiz\u00f3 la proyecci\u00f3n \u201cDe la idea a la pantalla\u201d, en el marco de la clausura de los talleres de cine impulsados por el Gobierno de Zapopan, a trav\u00e9s de la Direcci\u00f3n de Industrias Creativas, adscrita a la Coordinaci\u00f3n de Desarrollo Econ\u00f3mico y Combate a la Desigualdad.<\/p>\n\n\n\n<p>Este espacio reuni\u00f3 los cortometrajes desarrollados en las categor\u00edas de stop motion para infancias, cine documental y rally universitario.<\/p>\n\n\n\n<p>Esta \u00faltima cont\u00f3 con la participaci\u00f3n de estudiantes de diversas instituciones de educaci\u00f3n superior con carreras afines al cine y la producci\u00f3n audiovisual, quienes pusieron a prueba su creatividad y capacidad narrativa en un formato de competencia, consolidando as\u00ed un escaparate para el talento joven y local.<\/p>\n\n\n\n<p>\u201cEl Fuerte de los Sue\u00f1os\u201d: una historia sobre el hogar<\/p>\n\n\n\n<p>El cortometraje ganador, \u201cEl Fuerte de los Sue\u00f1os\u201d, de los alumnos de la UAG, abord\u00f3 el indicador de \u201chogar\u201d del IBIZ (\u00cdndice de Bienestar Infantil Zapopan) y retrata la relaci\u00f3n entre un padre y su hija a trav\u00e9s de la imaginaci\u00f3n y el juego.<\/p>\n\n\n\n<p>La historia presenta a L\u00eda, una ni\u00f1a que teme a la oscuridad, y c\u00f3mo su pap\u00e1, mediante un teatro de sombras y relatos fant\u00e1sticos, la ayuda a sentirse segura dentro de su propio hogar.<\/p>\n\n\n\n<p>La narrativa utiliza elementos visuales como sombras y luces para representar el mundo interior de la infancia y la importancia de la convivencia familiar.<\/p>\n\n\n\n<p>Jessica G\u00f3mez de Zamacona explic\u00f3 que la inspiraci\u00f3n surgi\u00f3 de un s\u00edmbolo universal de la ni\u00f1ez: los fuertes construidos con almohadas y s\u00e1banas, que representan refugio, creatividad y uni\u00f3n.<\/p>\n\n\n\n<p>\u201cQuer\u00edamos reflejar la importancia de la convivencia familiar y c\u00f3mo la imaginaci\u00f3n fortalece los v\u00ednculos desde edades tempranas\u201d, se\u00f1al\u00f3.<\/p>\n\n\n\n<p>Trabajo en equipo y experiencia acad\u00e9mica<\/p>\n\n\n\n<p>Para el equipo ganador, la preparaci\u00f3n acad\u00e9mica y el trabajo colaborativo desarrollado a lo largo de la carrera fueron fundamentales para afrontar el reto de producir un cortometraje en tiempo limitado.<\/p>\n\n\n\n<p>\u201cDespu\u00e9s de varios a\u00f1os trabajando juntos, cada integrante conoc\u00eda su rol. Eso nos permiti\u00f3 organizarnos de manera eficiente y cumplir con el proyecto en tiempo y forma\u201d, destac\u00f3 la estudiante.<\/p>\n\n\n\n<p>Como reconocimiento, los j\u00f3venes obtuvieron el pr\u00e9stamo de equipo profesional (c\u00e1maras de cine digital, set de \u00f3pticas y un mini m\u00f3vil) para su siguiente producci\u00f3n, as\u00ed como la proyecci\u00f3n de su cortometraje en el Festival de Cine de Tequila 2026 y en el Festival de Cine con Valores de la UNIVA, adem\u00e1s de difusi\u00f3n en los canales oficiales del Gobierno de Zapopan.<\/p>\n\n\n\n<p>Impulso integral a las industrias creativas<\/p>\n\n\n\n<p>Adem\u00e1s del rally universitario, los talleres incluyeron formaci\u00f3n en stop motion para infancias y un espacio especializado en cine documental, lo que consolida una estrategia que fortalece el desarrollo de talento desde distintas etapas de formaci\u00f3n.<\/p>\n\n\n\n<p>M\u00e1s all\u00e1 de los premios y reconocimientos, la jornada confirm\u00f3 que el cine universitario no solo forma profesionales, sino narradores capaces de transformar ideas en emociones.<\/p>\n\n\n\n<p>Con iniciativas como esta, el talento joven encuentra espacios reales para crecer, crear y proyectarse hacia la industria audiovisual con paso firme.<\/p>\n","protected":false},"excerpt":{"rendered":"<p>Guadalajara, Jalisco, M\u00e9xico, Am\u00e9rica.- Alumnos de la Licenciatura en Producci\u00f3n Audiovisual, de la Universidad Aut\u00f3noma&#8230;<\/p>\n","protected":false},"author":1,"featured_media":380020,"comment_status":"open","ping_status":"open","sticky":false,"template":"","format":"standard","meta":{"footnotes":""},"categories":[151],"tags":[],"class_list":["post-380019","post","type-post","status-publish","format-standard","has-post-thumbnail","hentry","category-espectaculos"],"gutentor_comment":0,"_links":{"self":[{"href":"https:\/\/www.elplaneta.mx\/index.php?rest_route=\/wp\/v2\/posts\/380019","targetHints":{"allow":["GET"]}}],"collection":[{"href":"https:\/\/www.elplaneta.mx\/index.php?rest_route=\/wp\/v2\/posts"}],"about":[{"href":"https:\/\/www.elplaneta.mx\/index.php?rest_route=\/wp\/v2\/types\/post"}],"author":[{"embeddable":true,"href":"https:\/\/www.elplaneta.mx\/index.php?rest_route=\/wp\/v2\/users\/1"}],"replies":[{"embeddable":true,"href":"https:\/\/www.elplaneta.mx\/index.php?rest_route=%2Fwp%2Fv2%2Fcomments&post=380019"}],"version-history":[{"count":1,"href":"https:\/\/www.elplaneta.mx\/index.php?rest_route=\/wp\/v2\/posts\/380019\/revisions"}],"predecessor-version":[{"id":380021,"href":"https:\/\/www.elplaneta.mx\/index.php?rest_route=\/wp\/v2\/posts\/380019\/revisions\/380021"}],"wp:featuredmedia":[{"embeddable":true,"href":"https:\/\/www.elplaneta.mx\/index.php?rest_route=\/wp\/v2\/media\/380020"}],"wp:attachment":[{"href":"https:\/\/www.elplaneta.mx\/index.php?rest_route=%2Fwp%2Fv2%2Fmedia&parent=380019"}],"wp:term":[{"taxonomy":"category","embeddable":true,"href":"https:\/\/www.elplaneta.mx\/index.php?rest_route=%2Fwp%2Fv2%2Fcategories&post=380019"},{"taxonomy":"post_tag","embeddable":true,"href":"https:\/\/www.elplaneta.mx\/index.php?rest_route=%2Fwp%2Fv2%2Ftags&post=380019"}],"curies":[{"name":"wp","href":"https:\/\/api.w.org\/{rel}","templated":true}]}}