{"id":380050,"date":"2026-03-10T17:33:25","date_gmt":"2026-03-10T23:33:25","guid":{"rendered":"https:\/\/www.elplaneta.mx\/?p=380050"},"modified":"2026-03-10T17:33:29","modified_gmt":"2026-03-10T23:33:29","slug":"carmen-lilia-se-unio-a-enemigos-de-la-4t","status":"publish","type":"post","link":"https:\/\/www.elplaneta.mx\/?p=380050","title":{"rendered":"Carmen Lilia \u00bfse uni\u00f3 a enemigos de la 4T?"},"content":{"rendered":"\n<p>Por Felipe Mart\u00ednez Ch\u00e1vez<\/p>\n\n\n\n<p>Cd. Victoria.- \u00bfQu\u00e9 hac\u00eda en un c\u00f3nclave de panistas y enemigos de la Cuarta Transformaci\u00f3n? \u00bfya dio el chaquetazo o se dispone a darlo?. Todo se puede esperar.<\/p>\n\n\n\n<p>Carmen Lilia Canturosas, edil de Nuevo Laredo, presume haber recibido un premio de \u201c100 mujeres l\u00edderes\u201d organizado por la Universidad Panamericana, en que se dieron cita contrincantes, enemigas y cr\u00edticas de la Presidenta Claudia Sheinbaum y su gobierno.<\/p>\n\n\n\n<p>Un claro evento panista en que los reconocimientos se entregaron a contentillo.<\/p>\n\n\n\n<p>El cotidiano El Universal particip\u00f3 en la organizaci\u00f3n, como parte del golpeteo constante en contra del Segundo Piso de la 4T y la jefa de Palacio Nacional.<\/p>\n\n\n\n<p>\u00bfQu\u00e9 fue a hacer la neolaredense? \u00bfcomplot?. Presumieron como \u201cestrellita\u201d del evento a la ex candidata presidencial de la derecha, X\u00f3chitl G\u00e1lvez, premiada junto con la dirigente del PAN en la Cdmx, Laura Guti\u00e9rrez y otras prominentes azules.<\/p>\n\n\n\n<p>Deber\u00eda pensarla m\u00e1s bien Do\u00f1a Carmen. La otra presidenta municipal premiada es Romina Contreras Carrasco, de Huixquilucan, del PAN.<\/p>\n\n\n\n<p>\u00bfEmpanizada? Carmelita fue a levantarle la mano a las periodistas m\u00e1s cr\u00edticas que han enlodado la figura de Sheinbaum y otros funcionarios, donde no escapa el tamaulipeco Am\u00e9rico Villarreal.<\/p>\n\n\n\n<p>Particip\u00f3 con las comunicadoras que est\u00e1n en la primera l\u00ednea de ataque a los gobiernos emanados de Morena, Azucena Uresti, Paola Rojas y Ana Paola Ordorica.<\/p>\n\n\n\n<p>Uresti todos los d\u00edas- o un d\u00eda s\u00ed, y otro tambi\u00e9n- lanza lapidarios ataques a la 4T, aun cuando se trate de noticias \u201cvoladas\u201d, falsas e inventos.<\/p>\n\n\n\n<p>Dentro de las reconocidas, menci\u00f3n especial merece la periodista Pamela Cerdeira, qui\u00e9n en su obsesi\u00f3n de atacar a Sheinbaum, en 2023 invent\u00f3 una historia descabellada.<\/p>\n\n\n\n<p>Public\u00f3 haber adherido localizadores satelitales a v\u00edveres donados por el gobierno de la Cdmx (a cargo de Sheinbaum) a damnificados por un sismo en Turqu\u00eda. Por ello se dio cuenta que los productos fueron a dar a bodegas del gobierno de la capital, y a manos de un diputado local de Morena, y no llegaron a su destino. De ese tama\u00f1o la imaginaci\u00f3n.<\/p>\n\n\n\n<p>Ah\u00ed estuvo con otra ac\u00e9rrima enemiga de Morena y su gente, Margarita Zavala, y debe presumir (la paisana) que tambi\u00e9n convivi\u00f3 con la alcaldesa de Uruapan, Grecia Quiroz -viuda de Manzo-, casi segura candidata del PAN a la gubernatura de Michoac\u00e1n en 2027.<\/p>\n\n\n\n<p>En ese berenjenal se anda metiendo la de Nuevo Laredo \u00bftan necesitada de apoyos? Deber\u00eda dedicarse a trabajar por el municipio y hacer caso a la instrucci\u00f3n del Gobernador Villarreal, y dejar de hacer precampa\u00f1a personal.<\/p>\n\n\n\n<p>Encarrerados en su objetivo de aplaudirse solos, levantarse la mano por vanidades personales, premiaron a la venezolana Corina Machado.<\/p>\n\n\n\n<p>\u00bfYa dio el chaquetazo Canturosas? Su actitud no debi\u00f3 haber ca\u00eddo muy bien en la esquina del poder en la capital cueruda.<\/p>\n\n\n\n<p>En otros temas, por decisi\u00f3n del \u201cgringo\u201d, siempre ladino y ventajista (no daba brinco sin huarache), el informe del Gobernador en turno debe presentarse al Congreso en la primera quincena de marzo.<\/p>\n\n\n\n<p>Vivillo desde chiquillo, buscando ganar terreno a contrincantes y enemigos, el se\u00f1or Garc\u00eda lo hizo pensando en el \u00faltimo informe. Si lo presentaba en marzo, los diputados aprobar\u00edan el documento de inmediato, en tanto la Auditor\u00eda Superior ten\u00eda chance de analizar la cuenta p\u00fablica.<\/p>\n\n\n\n<p>Quer\u00eda ganar ventaja en la fiscalizaci\u00f3n. Para el \u00faltimo de septiembre del 2022, Mr. Cabeza estaba listo. El Congreso panista en complicidad con ciertos legisladores, \u201cliberaron\u201d a Pancho y abandon\u00f3 tierras cuerudas.<\/p>\n\n\n\n<p>Para no meternos m\u00e1s all\u00e1, decir que hay un vac\u00edo de m\u00e1s de seis meses entre el \u00faltimo informe y el t\u00e9rmino del sexenio: De marzo a octubre.<\/p>\n\n\n\n<p>La irregularidad -necedad- se repite al llegar nueva administraci\u00f3n. El Gobernador debe informar de cinco meses, entre octubre y febrero.<\/p>\n\n\n\n<p>Al presentar su III informe (que fue en Tampico) el Gobernador Am\u00e9rico Villarreal, anunci\u00f3 que enviar\u00eda iniciativa para eliminar ese \u201cblanco\u201d de seis meses y hacer congruentes los tiempos. Se pronunci\u00f3 porque los informes se den en coincidencia con la toma de protesta, es decir, el uno de octubre.<\/p>\n\n\n\n<p>Por largos a\u00f1os eran el cinco de febrero, fecha de toma de protesta, o bien entre el dos y el cinco, considerando que en esa fecha se da el evento central de la Constituci\u00f3n en Quer\u00e9taro.<\/p>\n\n\n\n<p>Bueno, luego nos ocuparemos de los temas que con seguridad incluir\u00e1 Am\u00e9rico en su documento. Es el Gobernador que m\u00e1s proyectos emblem\u00e1ticos ha aterrizado por los cuales se le recordar\u00e1 en la historia.<\/p>\n\n\n\n<p>De Matamoros el Puerto del Norte; Tampico el sistema \u201cmetro\u201d de transporte; en Victoria el Acueducto y el puerto seco y as\u00ed sucesivamente.<\/p>\n\n\n\n<p>Si antes a Emilio Mart\u00ednez Manautou se le conoc\u00eda como el gobernante constructor, el espacio lo est\u00e1 ganando el doctor Villarreal. No son castillos en el aire como el Canal Intracostero de Cavazos Lerma.<\/p>\n","protected":false},"excerpt":{"rendered":"<p>Por Felipe Mart\u00ednez Ch\u00e1vez Cd. Victoria.- \u00bfQu\u00e9 hac\u00eda en un c\u00f3nclave de panistas y enemigos&#8230;<\/p>\n","protected":false},"author":1,"featured_media":0,"comment_status":"closed","ping_status":"closed","sticky":false,"template":"","format":"standard","meta":{"footnotes":""},"categories":[5],"tags":[],"class_list":["post-380050","post","type-post","status-publish","format-standard","hentry","category-opinion"],"gutentor_comment":0,"_links":{"self":[{"href":"https:\/\/www.elplaneta.mx\/index.php?rest_route=\/wp\/v2\/posts\/380050","targetHints":{"allow":["GET"]}}],"collection":[{"href":"https:\/\/www.elplaneta.mx\/index.php?rest_route=\/wp\/v2\/posts"}],"about":[{"href":"https:\/\/www.elplaneta.mx\/index.php?rest_route=\/wp\/v2\/types\/post"}],"author":[{"embeddable":true,"href":"https:\/\/www.elplaneta.mx\/index.php?rest_route=\/wp\/v2\/users\/1"}],"replies":[{"embeddable":true,"href":"https:\/\/www.elplaneta.mx\/index.php?rest_route=%2Fwp%2Fv2%2Fcomments&post=380050"}],"version-history":[{"count":2,"href":"https:\/\/www.elplaneta.mx\/index.php?rest_route=\/wp\/v2\/posts\/380050\/revisions"}],"predecessor-version":[{"id":380052,"href":"https:\/\/www.elplaneta.mx\/index.php?rest_route=\/wp\/v2\/posts\/380050\/revisions\/380052"}],"wp:attachment":[{"href":"https:\/\/www.elplaneta.mx\/index.php?rest_route=%2Fwp%2Fv2%2Fmedia&parent=380050"}],"wp:term":[{"taxonomy":"category","embeddable":true,"href":"https:\/\/www.elplaneta.mx\/index.php?rest_route=%2Fwp%2Fv2%2Fcategories&post=380050"},{"taxonomy":"post_tag","embeddable":true,"href":"https:\/\/www.elplaneta.mx\/index.php?rest_route=%2Fwp%2Fv2%2Ftags&post=380050"}],"curies":[{"name":"wp","href":"https:\/\/api.w.org\/{rel}","templated":true}]}}