{"id":380075,"date":"2026-03-10T20:06:00","date_gmt":"2026-03-11T02:06:00","guid":{"rendered":"https:\/\/www.elplaneta.mx\/?p=380075"},"modified":"2026-03-11T00:08:57","modified_gmt":"2026-03-11T06:08:57","slug":"con-75-votos-a-favor-se-aprobo-la-primera-fase-de-la-ley-del-ministerio-publico-en-macedonia","status":"publish","type":"post","link":"https:\/\/www.elplaneta.mx\/?p=380075","title":{"rendered":"Con 75 votos a favor, se aprob\u00f3 la primera fase de la Ley del Ministerio P\u00fablico en Macedonia"},"content":{"rendered":"<div class=\"wp-block-image\">\n<figure class=\"alignleft size-full\"><img loading=\"lazy\" decoding=\"async\" width=\"487\" height=\"324\" src=\"https:\/\/www.elplaneta.mx\/wp-content\/themes\/elplaneta\/FOTOS\/10M367349685475.jpg\" alt=\"\" class=\"wp-image-380076\" srcset=\"https:\/\/www.elplaneta.mx\/wp-content\/themes\/elplaneta\/FOTOS\/10M367349685475.jpg 487w, https:\/\/www.elplaneta.mx\/wp-content\/themes\/elplaneta\/FOTOS\/10M367349685475-300x200.jpg 300w\" sizes=\"auto, (max-width: 487px) 100vw, 487px\" \/><\/figure><\/div>\n\n\n<p>Skopie, Macedonia del Norte, Europa.- Con 75 votos a favor y ninguno en contra, la Asamblea de la Rep\u00fablica de Macedonia, en su sesi\u00f3n de hoy, determin\u00f3 la necesidad de aprobar el Proyecto de Ley del Ministerio P\u00fablico, superando as\u00ed la primera fase del tr\u00e1mite parlamentario.<\/p>\n\n\n\n<p>En los pr\u00f3ximos d\u00edas, se celebrar\u00e1 un debate p\u00fablico sobre el proyecto de ley en el marco de la Comisi\u00f3n de Sistema Pol\u00edtico y Relaciones Intercomunitarias.<\/p>\n\n\n\n<p>El ministro de Justicia, Igor Filkov, en su explicaci\u00f3n a los diputados, destac\u00f3 que la nueva soluci\u00f3n legal prev\u00e9 una modernizaci\u00f3n integral de la organizaci\u00f3n, las competencias y el funcionamiento del sistema fiscal.<\/p>\n\n\n\n<p>Con esta ley, creamos las condiciones para un funcionamiento m\u00e1s eficiente, transparente y responsable del Ministerio P\u00fablico. Nuestro objetivo es un sistema fiscal moderno que trabaje en beneficio de la ciudadan\u00eda y contribuya a una lucha m\u00e1s eficaz contra la delincuencia y la corrupci\u00f3n \u2014afirm\u00f3 Filkov\u2014.<\/p>\n\n\n\n<p>Se\u00f1al\u00f3 que la reforma es el resultado de un proceso iniciado en noviembre de 2024, cuando se form\u00f3 un grupo de trabajo con la participaci\u00f3n de expertos, profesores, fiscales, jueces, abogados, representantes del sector no gubernamental y de la comunidad internacional, incluyendo la OSCE y la Uni\u00f3n Europea.<\/p>\n\n\n\n<p>Seg\u00fan el ministro, la elaboraci\u00f3n de la ley incorpor\u00f3 las recomendaciones de la Estrategia de Desarrollo del Sector Judicial, la Agenda de Reformas, las recomendaciones del GRECO, as\u00ed como los informes de la Comisi\u00f3n Europea.<\/p>\n\n\n\n<p>Filkov inform\u00f3 que el proyecto de ley tambi\u00e9n se present\u00f3 a la Comisi\u00f3n de Venecia para su dictamen, que emiti\u00f3 un dictamen positivo con varias recomendaciones que se incorporaron al texto final.<\/p>\n\n\n\n<p>Las nuevas soluciones legales introducen un sistema de m\u00e9ritos para la selecci\u00f3n, promoci\u00f3n y evaluaci\u00f3n de los fiscales, refuerzan su independencia y mejoran la organizaci\u00f3n del trabajo en las fiscal\u00edas. Adem\u00e1s, se prev\u00e9 una mayor transparencia en la selecci\u00f3n del fiscal mediante una sesi\u00f3n p\u00fablica del Consejo de Fiscales, la presentaci\u00f3n de los programas de los candidatos y la publicaci\u00f3n de sus biograf\u00edas.<\/p>\n\n\n\n<p>La ley tambi\u00e9n establece un procedimiento disciplinario m\u00e1s claro con plazos de actuaci\u00f3n, as\u00ed como medidas para prevenir abusos.<\/p>\n\n\n\n<p>Desde la oposici\u00f3n, la diputada Sonja Mirakovska, del NSDP, consider\u00f3 que la ley propuesta no representa una reforma sustancial y que introduce una fuerte jerarqu\u00eda en la Fiscal\u00eda.<\/p>\n\n\n\n<p>\u2014Esta soluci\u00f3n viola el principio de independencia de los fiscales y no establece una l\u00ednea clara entre la jerarqu\u00eda organizativa y la independencia funcional \u2014declar\u00f3 Mirakovska, a\u00f1adiendo que la oposici\u00f3n propondr\u00e1 enmiendas\u2014.<\/p>\n\n\n\n<p>La diputada Mali\u0161a Stankovi\u0107, del Partido Socialista de Macedonia, consider\u00f3 que la ley constituye una buena base para las reformas, se\u00f1alando que la confianza en el Ministerio P\u00fablico es muy baja.<\/p>\n\n\n\n<p>\u2014Con una confianza de tan solo el dos por ciento, se trata de un organismo disfuncional. Se necesitan enmiendas legales para mejorar el sistema \u2014afirm\u00f3 Stankovi\u0107\u2014.<\/p>\n\n\n\n<p>En la misma sesi\u00f3n, el Parlamento tambi\u00e9n aprob\u00f3 la Ley de Producci\u00f3n Agr\u00edcola Org\u00e1nica, as\u00ed como el Informe Anual sobre el Trabajo de la Comisi\u00f3n de Supervisi\u00f3n de la Implementaci\u00f3n de Medidas de Vigilancia de las Comunicaciones para 2025.<\/p>\n","protected":false},"excerpt":{"rendered":"<p>Skopie, Macedonia del Norte, Europa.- Con 75 votos a favor y ninguno en contra, la&#8230;<\/p>\n","protected":false},"author":1,"featured_media":380076,"comment_status":"open","ping_status":"open","sticky":false,"template":"","format":"standard","meta":{"footnotes":""},"categories":[4],"tags":[],"class_list":["post-380075","post","type-post","status-publish","format-standard","has-post-thumbnail","hentry","category-local"],"gutentor_comment":0,"_links":{"self":[{"href":"https:\/\/www.elplaneta.mx\/index.php?rest_route=\/wp\/v2\/posts\/380075","targetHints":{"allow":["GET"]}}],"collection":[{"href":"https:\/\/www.elplaneta.mx\/index.php?rest_route=\/wp\/v2\/posts"}],"about":[{"href":"https:\/\/www.elplaneta.mx\/index.php?rest_route=\/wp\/v2\/types\/post"}],"author":[{"embeddable":true,"href":"https:\/\/www.elplaneta.mx\/index.php?rest_route=\/wp\/v2\/users\/1"}],"replies":[{"embeddable":true,"href":"https:\/\/www.elplaneta.mx\/index.php?rest_route=%2Fwp%2Fv2%2Fcomments&post=380075"}],"version-history":[{"count":1,"href":"https:\/\/www.elplaneta.mx\/index.php?rest_route=\/wp\/v2\/posts\/380075\/revisions"}],"predecessor-version":[{"id":380077,"href":"https:\/\/www.elplaneta.mx\/index.php?rest_route=\/wp\/v2\/posts\/380075\/revisions\/380077"}],"wp:featuredmedia":[{"embeddable":true,"href":"https:\/\/www.elplaneta.mx\/index.php?rest_route=\/wp\/v2\/media\/380076"}],"wp:attachment":[{"href":"https:\/\/www.elplaneta.mx\/index.php?rest_route=%2Fwp%2Fv2%2Fmedia&parent=380075"}],"wp:term":[{"taxonomy":"category","embeddable":true,"href":"https:\/\/www.elplaneta.mx\/index.php?rest_route=%2Fwp%2Fv2%2Fcategories&post=380075"},{"taxonomy":"post_tag","embeddable":true,"href":"https:\/\/www.elplaneta.mx\/index.php?rest_route=%2Fwp%2Fv2%2Ftags&post=380075"}],"curies":[{"name":"wp","href":"https:\/\/api.w.org\/{rel}","templated":true}]}}