{"id":380111,"date":"2026-03-11T09:29:50","date_gmt":"2026-03-11T15:29:50","guid":{"rendered":"https:\/\/www.elplaneta.mx\/?p=380111"},"modified":"2026-03-11T09:29:54","modified_gmt":"2026-03-11T15:29:54","slug":"cientificos-de-china-identifican-la-polaridad-subcelular-como-factor-clave-en-la-agregacion-proteica","status":"publish","type":"post","link":"https:\/\/www.elplaneta.mx\/?p=380111","title":{"rendered":"Cient\u00edficos de China, identifican la polaridad subcelular como factor clave en la agregaci\u00f3n proteica"},"content":{"rendered":"<div class=\"wp-block-image\">\n<figure class=\"alignleft size-full\"><img loading=\"lazy\" decoding=\"async\" width=\"640\" height=\"341\" src=\"https:\/\/www.elplaneta.mx\/wp-content\/themes\/elplaneta\/FOTOS\/11C3646847558.jpg\" alt=\"\" class=\"wp-image-380112\" srcset=\"https:\/\/www.elplaneta.mx\/wp-content\/themes\/elplaneta\/FOTOS\/11C3646847558.jpg 640w, https:\/\/www.elplaneta.mx\/wp-content\/themes\/elplaneta\/FOTOS\/11C3646847558-300x160.jpg 300w\" sizes=\"auto, (max-width: 640px) 100vw, 640px\" \/><figcaption class=\"wp-element-caption\">Diagrama esquem\u00e1tico del modelo para la formaci\u00f3n de condensados y agregados de prote\u00ednas regulados por polaridad (imagen del grupo de WANG Lei).<\/figcaption><\/figure><\/div>\n\n\n<p>Beijing, China, Asia.- La polaridad es un par\u00e1metro fisicoqu\u00edmico del entorno celular que ha demostrado influir en el plegamiento y la agregaci\u00f3n proteica in vitro. Sin embargo, la polaridad de los diferentes compartimentos subcelulares a\u00fan no se ha comparado cuantitativamente, y su relaci\u00f3n con la homeostasis proteica a\u00fan se desconoce en gran medida.<\/p>\n\n\n\n<p>En un nuevo estudio publicado en Communications Biology el 3 de febrero, investigadores dirigidos por el profesor Wang Lei, del Instituto de Biof\u00edsica de la Academia China de Ciencias, han mapeado cuantitativamente la polaridad y el hacinamiento de los compartimentos subcelulares, lo que proporciona una nueva perspectiva para comprender y potencialmente intervenir en las enfermedades conformacionales de las prote\u00ednas.<\/p>\n\n\n\n<p>Revelaron que el ret\u00edculo endoplasm\u00e1tico (RE) posee un entorno distintivo, caracterizado por una alta polaridad y hacinamiento molecular. Tambi\u00e9n establecieron una relaci\u00f3n entre la polaridad y la agregaci\u00f3n proteica.<\/p>\n\n\n\n<p>Utilizaron prote\u00ednas Halo dirigidas a diferentes compartimentos subcelulares para localizar la misma sonda sensible a la polaridad en regiones celulares espec\u00edficas. Esta estrategia permiti\u00f3 la medici\u00f3n cuantitativa y la comparaci\u00f3n de la polaridad en diversos entornos subcelulares de c\u00e9lulas vivas.<\/p>\n\n\n\n<p>Combinado con una sonda de hacinamiento molecular para evaluar los niveles de hacinamiento en los compartimentos, el sistema sent\u00f3 las bases t\u00e9cnicas para analizar las relaciones entre polaridad, hacinamiento molecular y agregaci\u00f3n proteica.<\/p>\n\n\n\n<p>Con este enfoque, los investigadores descubrieron que el lumen del RE presenta mayor polaridad y mayor hacinamiento molecular que el citosol. Esta caracter\u00edstica se observ\u00f3 de forma consistente en m\u00faltiples l\u00edneas celulares humanas.<\/p>\n\n\n\n<p>Curiosamente, los investigadores descubrieron que el ex\u00f3n 1 del gen huntingtina (Htt) con un tramo poliQ expandido (Htt-polyQ) tiene una menor tendencia a formar agregados insolubles en el lumen del RE (alta polaridad y mayor hacinamiento) que en el citosol (baja polaridad y menor hacinamiento).<\/p>\n\n\n\n<p>Los investigadores tambi\u00e9n observaron que los tratamientos hipert\u00f3nicos disminuyen la polaridad a la vez que aumentan el hacinamiento. Bajo tratamiento hipert\u00f3nico, la Htt-polyQ originalmente difundida en el citosol form\u00f3 agregados insolubles, lo que indica que la polaridad, y no el hacinamiento, est\u00e1 correlacionada con la agregaci\u00f3n proteica.<\/p>\n\n\n\n<p>Este estudio revela que el microambiente inherentemente de alta polaridad del RE puede ser un factor clave en la prevenci\u00f3n de la agregaci\u00f3n proteica. Junto con los sistemas reguladores especializados del RE, este entorno crea una s\u00f3lida red de control de calidad proteica que ayuda a mantener la proteostasis celular.<\/p>\n","protected":false},"excerpt":{"rendered":"<p>Beijing, China, Asia.- La polaridad es un par\u00e1metro fisicoqu\u00edmico del entorno celular que ha demostrado&#8230;<\/p>\n","protected":false},"author":1,"featured_media":380112,"comment_status":"open","ping_status":"open","sticky":false,"template":"","format":"standard","meta":{"footnotes":""},"categories":[138,583],"tags":[],"class_list":["post-380111","post","type-post","status-publish","format-standard","has-post-thumbnail","hentry","category-ciencia","category-principales"],"gutentor_comment":0,"_links":{"self":[{"href":"https:\/\/www.elplaneta.mx\/index.php?rest_route=\/wp\/v2\/posts\/380111","targetHints":{"allow":["GET"]}}],"collection":[{"href":"https:\/\/www.elplaneta.mx\/index.php?rest_route=\/wp\/v2\/posts"}],"about":[{"href":"https:\/\/www.elplaneta.mx\/index.php?rest_route=\/wp\/v2\/types\/post"}],"author":[{"embeddable":true,"href":"https:\/\/www.elplaneta.mx\/index.php?rest_route=\/wp\/v2\/users\/1"}],"replies":[{"embeddable":true,"href":"https:\/\/www.elplaneta.mx\/index.php?rest_route=%2Fwp%2Fv2%2Fcomments&post=380111"}],"version-history":[{"count":1,"href":"https:\/\/www.elplaneta.mx\/index.php?rest_route=\/wp\/v2\/posts\/380111\/revisions"}],"predecessor-version":[{"id":380113,"href":"https:\/\/www.elplaneta.mx\/index.php?rest_route=\/wp\/v2\/posts\/380111\/revisions\/380113"}],"wp:featuredmedia":[{"embeddable":true,"href":"https:\/\/www.elplaneta.mx\/index.php?rest_route=\/wp\/v2\/media\/380112"}],"wp:attachment":[{"href":"https:\/\/www.elplaneta.mx\/index.php?rest_route=%2Fwp%2Fv2%2Fmedia&parent=380111"}],"wp:term":[{"taxonomy":"category","embeddable":true,"href":"https:\/\/www.elplaneta.mx\/index.php?rest_route=%2Fwp%2Fv2%2Fcategories&post=380111"},{"taxonomy":"post_tag","embeddable":true,"href":"https:\/\/www.elplaneta.mx\/index.php?rest_route=%2Fwp%2Fv2%2Ftags&post=380111"}],"curies":[{"name":"wp","href":"https:\/\/api.w.org\/{rel}","templated":true}]}}