{"id":380117,"date":"2026-03-11T09:37:49","date_gmt":"2026-03-11T15:37:49","guid":{"rendered":"https:\/\/www.elplaneta.mx\/?p=380117"},"modified":"2026-03-11T09:37:53","modified_gmt":"2026-03-11T15:37:53","slug":"la-uam-apuesta-por-feminismos-criticos-y-descoloniales-con-publicacion-de-libros","status":"publish","type":"post","link":"https:\/\/www.elplaneta.mx\/?p=380117","title":{"rendered":"La UAM apuesta por feminismos cr\u00edticos y descoloniales con publicaci\u00f3n de libros"},"content":{"rendered":"<div class=\"wp-block-image\">\n<figure class=\"alignleft size-full\"><img loading=\"lazy\" decoding=\"async\" width=\"611\" height=\"399\" src=\"https:\/\/www.elplaneta.mx\/wp-content\/themes\/elplaneta\/FOTOS\/11C364968575.jpg\" alt=\"\" class=\"wp-image-380118\" srcset=\"https:\/\/www.elplaneta.mx\/wp-content\/themes\/elplaneta\/FOTOS\/11C364968575.jpg 611w, https:\/\/www.elplaneta.mx\/wp-content\/themes\/elplaneta\/FOTOS\/11C364968575-300x196.jpg 300w\" sizes=\"auto, (max-width: 611px) 100vw, 611px\" \/><\/figure><\/div>\n\n\n<p>Tlalpan, Ciudad de M\u00e9xico, M\u00e9xico, Am\u00e9rica.- Ampliar el horizonte del debate en la materia en Am\u00e9rica Latina a partir del reconocimiento de voces marginadas a lo largo de la historia es el objetivo de una l\u00ednea editorial impulsada por la Direcci\u00f3n de Publicaciones y la Coordinaci\u00f3n General de Difusi\u00f3n de la Universidad Aut\u00f3noma Metropolitana (UAM).<\/p>\n\n\n\n<p>Como parte de este proyecto, y en coedici\u00f3n con U-T\u00f3picas, se publicaron los libros De por qu\u00e9 es necesario un feminismo descolonial. Cr\u00edtica a la raz\u00f3n feminista eurocentrada, de Yuderkys Espinosa Mi\u00f1oso, y Pensamiento feminista negro. Conocimiento, conciencia y pol\u00edtica del empoderamiento, de Patricia Hill Collins.<\/p>\n\n\n\n<p>Ambos vol\u00famenes fueron presentados por la doctora Yissel Arce Padr\u00f3n, coordinadora general de Difusi\u00f3n de esta casa de estudios, acompa\u00f1ada por las doctoras Areli Veloz Contreras, Kenia Salas Pel\u00e1ez y la maestra Emma Hern\u00e1ndez Rodr\u00edguez.<\/p>\n\n\n\n<p>La doctora Arce Padr\u00f3n resalt\u00f3 que la obra de Hill Collins, publicada en 1990 y traducida al portugu\u00e9s en 2019, aparece por primera vez en espa\u00f1ol, lo que constituye un hito editorial en alianza con la librer\u00eda U-T\u00f3picas, sello independiente que goza de prestigio por su acervo diverso.<\/p>\n\n\n\n<p>Sobre el trabajo de Espinosa Mi\u00f1oso, en una segunda edici\u00f3n ampliada, destac\u00f3 su potencia al cuestionar tanto las corrientes eurocentradas como ciertas vertientes de la perspectiva descolonial. En su opini\u00f3n, este doble movimiento obliga a repensar los fundamentos del pensamiento contempor\u00e1neo y evita convertir el debate en una \u201cmoda acad\u00e9mica\u201d.<\/p>\n\n\n\n<p>\u201cNo se trata de una tendencia, sino de la necesidad de pluralizar las perspectivas. No hay posibilidad de hablar de un movimiento homog\u00e9neo\u201d, a\u00f1adi\u00f3 al aludir la urgencia de cuestionar categor\u00edas universales como mujer, opresi\u00f3n o g\u00e9nero.<\/p>\n\n\n\n<p>La Coordinadora General de Difusi\u00f3n enfatiz\u00f3 que para la Instituci\u00f3n no solo se trata de publicar ejemplares, sino de fortalecer un ecosistema cr\u00edtico que dialogue con la docencia y el estudio desarrollado en la maestr\u00eda en Estudios de G\u00e9nero y el doctorado en Estudios Feministas en la Unidad Xochimilco, posgrados de vanguardia en la regi\u00f3n.<\/p>\n\n\n\n<p>Desde su \u00f3ptica, estas entregas muestran que las genealog\u00edas cr\u00edticas son heterog\u00e9neas, tensionadas y en constante discusi\u00f3n. Se\u00f1al\u00f3 que tanto Hill Collins como Espinosa Mi\u00f1oso colocan en el centro las experiencias situadas, apuesta que cuestiona la neutralidad acad\u00e9mica y visibiliza las relaciones de poder en la producci\u00f3n del saber.<\/p>\n\n\n\n<p>Asimismo, subray\u00f3 que la cr\u00edtica a la tradici\u00f3n eurocentrada no implica descalificar, sino dotarla de complejidad. \u201cUn libro permite discutir otro\u201d, explic\u00f3 al definir el debate interno como se\u00f1al de vitalidad te\u00f3rica y pol\u00edtica.<\/p>\n\n\n\n<p>Indic\u00f3 que para la UAM, publicar autoras vivas y le\u00eddas en el continente, pero hasta ahora accesibles solo en ediciones extranjeras o copias, constituye un compromiso con la democratizaci\u00f3n del aprendizaje. Por ello, celebr\u00f3 que estas obras circulen bajo el sello de una editorial universitaria mexicana, lo cual fortalece el acceso a debates contempor\u00e1neos.<\/p>\n\n\n\n<p>Por su parte, la investigadora Areli Veloz Contreras asegur\u00f3 que leer a Patricia Hill Collins permite analizar la matriz de dominaci\u00f3n desde una \u00f3ptica interseccional, al comprender como raza, g\u00e9nero y clase se articulan de forma estructural en la cotidianidad. Sobre el pensamiento negro, consider\u00f3 que constituye una b\u00fasqueda de justicia social.<\/p>\n\n\n\n<p>En su intervenci\u00f3n la doctora Kenia Salas Pel\u00e1ez manifest\u00f3 que la experiencia vivida es central: las aportaciones te\u00f3ricas no surgen de abstracciones, sino de resistencias; se recupera el punto de vista para evidenciar que el intelecto est\u00e1 atravesado por jerarqu\u00edas de poder.<\/p>\n\n\n\n<p>Para la doctora Emma Hern\u00e1ndez Rodr\u00edguez, ambas autoras invitan a reconocer el lugar de enunciaci\u00f3n y a cuestionar la universalizaci\u00f3n del sujeto mujer. Sostuvo que este es un llamado urgente a revisar las pr\u00e1cticas, discursos y herencias coloniales que persisten en los propios movimientos.<\/p>\n","protected":false},"excerpt":{"rendered":"<p>Tlalpan, Ciudad de M\u00e9xico, M\u00e9xico, Am\u00e9rica.- Ampliar el horizonte del debate en la materia en&#8230;<\/p>\n","protected":false},"author":1,"featured_media":380118,"comment_status":"open","ping_status":"open","sticky":false,"template":"","format":"standard","meta":{"footnotes":""},"categories":[151],"tags":[],"class_list":["post-380117","post","type-post","status-publish","format-standard","has-post-thumbnail","hentry","category-espectaculos"],"gutentor_comment":0,"_links":{"self":[{"href":"https:\/\/www.elplaneta.mx\/index.php?rest_route=\/wp\/v2\/posts\/380117","targetHints":{"allow":["GET"]}}],"collection":[{"href":"https:\/\/www.elplaneta.mx\/index.php?rest_route=\/wp\/v2\/posts"}],"about":[{"href":"https:\/\/www.elplaneta.mx\/index.php?rest_route=\/wp\/v2\/types\/post"}],"author":[{"embeddable":true,"href":"https:\/\/www.elplaneta.mx\/index.php?rest_route=\/wp\/v2\/users\/1"}],"replies":[{"embeddable":true,"href":"https:\/\/www.elplaneta.mx\/index.php?rest_route=%2Fwp%2Fv2%2Fcomments&post=380117"}],"version-history":[{"count":1,"href":"https:\/\/www.elplaneta.mx\/index.php?rest_route=\/wp\/v2\/posts\/380117\/revisions"}],"predecessor-version":[{"id":380119,"href":"https:\/\/www.elplaneta.mx\/index.php?rest_route=\/wp\/v2\/posts\/380117\/revisions\/380119"}],"wp:featuredmedia":[{"embeddable":true,"href":"https:\/\/www.elplaneta.mx\/index.php?rest_route=\/wp\/v2\/media\/380118"}],"wp:attachment":[{"href":"https:\/\/www.elplaneta.mx\/index.php?rest_route=%2Fwp%2Fv2%2Fmedia&parent=380117"}],"wp:term":[{"taxonomy":"category","embeddable":true,"href":"https:\/\/www.elplaneta.mx\/index.php?rest_route=%2Fwp%2Fv2%2Fcategories&post=380117"},{"taxonomy":"post_tag","embeddable":true,"href":"https:\/\/www.elplaneta.mx\/index.php?rest_route=%2Fwp%2Fv2%2Ftags&post=380117"}],"curies":[{"name":"wp","href":"https:\/\/api.w.org\/{rel}","templated":true}]}}