{"id":380126,"date":"2026-03-11T09:55:47","date_gmt":"2026-03-11T15:55:47","guid":{"rendered":"https:\/\/www.elplaneta.mx\/?p=380126"},"modified":"2026-03-11T09:55:50","modified_gmt":"2026-03-11T15:55:50","slug":"fallece-lina-de-feria-poetisa-figura-cimera-de-la-lirica-cubana-contemporanea","status":"publish","type":"post","link":"https:\/\/www.elplaneta.mx\/?p=380126","title":{"rendered":"Fallece Lina de Feria, poetisa, figura cimera de la l\u00edrica cubana contempor\u00e1nea"},"content":{"rendered":"<div class=\"wp-block-image\">\n<figure class=\"alignleft size-full is-resized\"><img loading=\"lazy\" decoding=\"async\" width=\"384\" height=\"544\" src=\"https:\/\/www.elplaneta.mx\/wp-content\/themes\/elplaneta\/FOTOS\/11C23648675467.jpg\" alt=\"\" class=\"wp-image-380127\" style=\"width:319px;height:auto\" srcset=\"https:\/\/www.elplaneta.mx\/wp-content\/themes\/elplaneta\/FOTOS\/11C23648675467.jpg 384w, https:\/\/www.elplaneta.mx\/wp-content\/themes\/elplaneta\/FOTOS\/11C23648675467-212x300.jpg 212w\" sizes=\"auto, (max-width: 384px) 100vw, 384px\" \/><\/figure><\/div>\n\n\n<p>La Habana, Cuba, Am\u00e9rica.- A sus 80 a\u00f1os, se nos ha ido Lina de Feria. El nos es todo intencional. La poetisa de inmensa talla, la ensayista de atinada pluma, logr\u00f3 estremecer a todo aquel que se acerc\u00f3 a su obra, que convers\u00f3 con ella, que la vio desandar, entre el temblor y la firmeza, los parajes de nuestra literatura.<\/p>\n\n\n\n<p>Se juntan en esta hora muchos instantes en los que Lina fue protagonista. Las primeras lecturas de poes\u00eda en que la escuchamos vibrar por medio de sus poemas; sus libros le\u00eddos; las charlas presenciadas; la XXV Feria Internacional del Libro que se le dedic\u00f3, y en la que se le vio tan feliz; la entrega, en otra posterior, del merecido Premio Nacional de Literatura; la esplendidez de su palabra en cada encuentro; la visita a su casa de L\u00ednea, su calor humano, su ser de radiante honestidad.&nbsp;&nbsp;<\/p>\n\n\n\n<p>Mucho podr\u00eda hoy decirse de la obra y la vida de Lina de Feria, que al decir suyo, fue una novela. Hab\u00eda nacido, como tantas veces dijo, para la poes\u00eda \u2013que le fue placera y angustiosa\u2013 y no para otra cosa. Entendi\u00f3 que la necesidad de escribir le llegaba de la relaci\u00f3n con los seres humanos. \u00abEmpiezo un poemario con una visi\u00f3n realista, pero despu\u00e9s produzco una historia que no tiene que ver con la gente. Yo contamino absolutamente las vivencias de los seres humanos que me rodean, de tal modo que despu\u00e9s ellos se ven en m\u00ed\u00bb, nos explic\u00f3 en una ocasi\u00f3n. Consider\u00f3 el acto de la escritura propia como algo incontenible. \u00abMe metamorfoseo escribiendo y cuando me interrumpen me siento mal\u00bb, le escuchamos decir, junto a otras revelaciones sobre el acto de la creaci\u00f3n:<\/p>\n\n\n\n<p>\u00abEs muy com\u00fan para m\u00ed estar durmiendo y a las dos de la ma\u00f1ana sentir deseos de escribir. Me levanto y reposo la idea, la saco y despu\u00e9s la desarrollo en mi escritorio. Es algo fascinante. Porque como el san Sebasti\u00e1n de la Biblia, estoy asaeteada continuamente de intensidades y eso no me limita para producir. Me asaltan las ideas en cualquier momento, caminando en la calle&#8230;, donde quiera\u00bb.<\/p>\n\n\n\n<p>Lina se rapt\u00f3 para los otros. Vivi\u00f3 de todo: la alegr\u00eda de los premios (su poemario Casa que no exist\u00eda fue distinguido en la primera edici\u00f3n del Premio David, junto con Cabeza de Zanahoria, de Wichy Nogueras); obtuvo el Premio Nicol\u00e1s Guill\u00e9n que otorga el Instituto Cubano del Libro por su poemario Ante la p\u00e9rdida del Safari a la jungla (Premio Nicol\u00e1s Guill\u00e9n, 2008) y gan\u00f3 varias veces el premio de la Cr\u00edtica Literaria. Vivi\u00f3 tambi\u00e9n, entre otras adversidades, las consecuencias de err\u00f3neas decisiones de la pol\u00edtica cultural que, negada a la ojeriza in\u00fatil, aunque sin olvidarlas, super\u00f3, tal como recalcara en dis\u00edmiles oportunidades.<\/p>\n\n\n\n<p>De su infinito amor por Cuba no pudo ni quiso desprenderse jam\u00e1s.<\/p>\n\n\n\n<p>\u00abLo que te puedo decir es que me siento enormenente feliz en Cuba\u00bb, asegur\u00f3 en una entrevista en la que le contaba a una periodista sobre un suceso personal adverso que hab\u00eda transitado. \u00abLo \u00fanico que me interesa es estar en Cuba. Y con el suceso que viv\u00ed, ese sentimiento de cubana se fortaleci\u00f3 en m\u00ed\u00bb, le asegur\u00f3.<\/p>\n\n\n\n<p>Cuando recibi\u00f3, en 2019, el Premio Nacional de Literatura, conversamos con Lina para estas p\u00e1ginas. Con el Premio, \u00abno cierro un camino, sino lo abro. Estoy tan entusiasmada que estoy concibiendo un libro que se llama R\u00e1fagas encontradas. Para m\u00ed escribir es la posibilidad de demostrar que hasta la eternidad estoy produciendo. Haciendo\u00bb, nos coment\u00f3.<\/p>\n\n\n\n<p>Fue hermoso escuchar entonces a Lina decir que a lo que aspiraba no era la posteridad, sino a que se reconociera que hubo alguien que escribi\u00f3 intensamente en la etapa mejor de su vida y que seguir\u00eda escribiendo hasta su muerte.<\/p>\n\n\n\n<p>En aquella inolvidable conversaci\u00f3n, volvi\u00f3 Cuba a dibujarse en sus labios, acompa\u00f1ada de una alegr\u00eda estimulada por la noticia: \u00abQue sea en Cuba es lo m\u00e1s importante, porque \u00bfqu\u00e9 valor tendr\u00eda estar desterrada, desarraigada, si no te reconocen en tu pa\u00eds? Que se vayan los rencores y el odio. Soy perfectamente humana y amo a mi tierra m\u00e1s que a nada\u00bb.<\/p>\n","protected":false},"excerpt":{"rendered":"<p>La Habana, Cuba, Am\u00e9rica.- A sus 80 a\u00f1os, se nos ha ido Lina de Feria&#8230;.<\/p>\n","protected":false},"author":1,"featured_media":380127,"comment_status":"open","ping_status":"open","sticky":false,"template":"","format":"standard","meta":{"footnotes":""},"categories":[151],"tags":[],"class_list":["post-380126","post","type-post","status-publish","format-standard","has-post-thumbnail","hentry","category-espectaculos"],"gutentor_comment":0,"_links":{"self":[{"href":"https:\/\/www.elplaneta.mx\/index.php?rest_route=\/wp\/v2\/posts\/380126","targetHints":{"allow":["GET"]}}],"collection":[{"href":"https:\/\/www.elplaneta.mx\/index.php?rest_route=\/wp\/v2\/posts"}],"about":[{"href":"https:\/\/www.elplaneta.mx\/index.php?rest_route=\/wp\/v2\/types\/post"}],"author":[{"embeddable":true,"href":"https:\/\/www.elplaneta.mx\/index.php?rest_route=\/wp\/v2\/users\/1"}],"replies":[{"embeddable":true,"href":"https:\/\/www.elplaneta.mx\/index.php?rest_route=%2Fwp%2Fv2%2Fcomments&post=380126"}],"version-history":[{"count":1,"href":"https:\/\/www.elplaneta.mx\/index.php?rest_route=\/wp\/v2\/posts\/380126\/revisions"}],"predecessor-version":[{"id":380128,"href":"https:\/\/www.elplaneta.mx\/index.php?rest_route=\/wp\/v2\/posts\/380126\/revisions\/380128"}],"wp:featuredmedia":[{"embeddable":true,"href":"https:\/\/www.elplaneta.mx\/index.php?rest_route=\/wp\/v2\/media\/380127"}],"wp:attachment":[{"href":"https:\/\/www.elplaneta.mx\/index.php?rest_route=%2Fwp%2Fv2%2Fmedia&parent=380126"}],"wp:term":[{"taxonomy":"category","embeddable":true,"href":"https:\/\/www.elplaneta.mx\/index.php?rest_route=%2Fwp%2Fv2%2Fcategories&post=380126"},{"taxonomy":"post_tag","embeddable":true,"href":"https:\/\/www.elplaneta.mx\/index.php?rest_route=%2Fwp%2Fv2%2Ftags&post=380126"}],"curies":[{"name":"wp","href":"https:\/\/api.w.org\/{rel}","templated":true}]}}