{"id":380129,"date":"2026-03-11T10:10:36","date_gmt":"2026-03-11T16:10:36","guid":{"rendered":"https:\/\/www.elplaneta.mx\/?p=380129"},"modified":"2026-03-11T10:11:07","modified_gmt":"2026-03-11T16:11:07","slug":"obligan-a-la-junta-2-de-conciliacion-en-victoria-a-contestar-escrito-no-lo-hizo-en-seis-meses","status":"publish","type":"post","link":"https:\/\/www.elplaneta.mx\/?p=380129","title":{"rendered":"Obligan a la Junta 2 de Conciliaci\u00f3n en Victoria a contestar escrito, no lo hizo en seis meses"},"content":{"rendered":"<div class=\"wp-block-image\">\n<figure class=\"alignleft size-full is-resized\"><img loading=\"lazy\" decoding=\"async\" width=\"768\" height=\"432\" src=\"https:\/\/www.elplaneta.mx\/wp-content\/themes\/elplaneta\/FOTOS\/JLCA-Victoria-2.jpg\" alt=\"\" class=\"wp-image-378944\" style=\"width:599px;height:auto\" srcset=\"https:\/\/www.elplaneta.mx\/wp-content\/themes\/elplaneta\/FOTOS\/JLCA-Victoria-2.jpg 768w, https:\/\/www.elplaneta.mx\/wp-content\/themes\/elplaneta\/FOTOS\/JLCA-Victoria-2-300x169.jpg 300w\" sizes=\"auto, (max-width: 768px) 100vw, 768px\" \/><\/figure><\/div>\n\n<div class=\"wp-block-image\">\n<figure class=\"alignright size-full is-resized\"><img loading=\"lazy\" decoding=\"async\" width=\"257\" height=\"312\" src=\"https:\/\/www.elplaneta.mx\/wp-content\/themes\/elplaneta\/FOTOS\/Juez-Francisco-de-la-Fuente-Martinez.jpg\" alt=\"\" class=\"wp-image-380130\" style=\"width:179px;height:auto\" srcset=\"https:\/\/www.elplaneta.mx\/wp-content\/themes\/elplaneta\/FOTOS\/Juez-Francisco-de-la-Fuente-Martinez.jpg 257w, https:\/\/www.elplaneta.mx\/wp-content\/themes\/elplaneta\/FOTOS\/Juez-Francisco-de-la-Fuente-Martinez-247x300.jpg 247w\" sizes=\"auto, (max-width: 257px) 100vw, 257px\" \/><figcaption class=\"wp-element-caption\">Juez Francisco de la Fuente Mart\u00ednez<\/figcaption><\/figure><\/div>\n\n\n<p>Ciudad Victoria, Tamaulipas, M\u00e9xico, Am\u00e9rica.- El Poder Judicial Federal, obligo a Daniela Karina L\u00f3pez Garza, presidenta de la Junta Especial N\u00famero Dos de la Local de Conciliaci\u00f3n y Arbitraje (JLCA) en Victoria, a dar contestaci\u00f3n a un escrito de un trabajador, ello en cumplimiento a la sentencia 1461\/2025, que otorgo el amparo ya que al no hacerlo desde el ocho de agosto de dos mil veinticinco, violo la garant\u00eda constitucional de petici\u00f3n.<\/p>\n\n\n\n<p>El Juez Francisco de la Fuente Mart\u00ednez, titular del Juzgado Decimosegundo de Distrito en Victoria, resolvi\u00f3 en la sentencia que, si en el caso concreto, la parte actora, formul\u00f3 ante la autoridad responsable una petici\u00f3n, sin que al efecto se le hubiese dado respuesta o al menos no obra constancia de ello que as\u00ed lo acredite; de ah\u00ed, el suscrito juzgador arriba a la conclusi\u00f3n de que en el caso a estudio se vulneraron las garant\u00edas constitucionales del amparista.<\/p>\n\n\n\n<p>En este caso, una persona acudi\u00f3 ante el Poder Judicial Federal en esta capital para presentar demanda de amparo en contra de Junta Especial N\u00famero Dos de la Local de Conciliaci\u00f3n y Arbitraje (JLCA) en Victoria, por la omisi\u00f3n de acordar escrito y girar oficio solicitado el ocho de agosto de dos mil veinticinco, dentro del juicio laboral 278\/E02\/2016, consider\u00e1ndolo violatorio de la garant\u00eda constitucional de petici\u00f3n.<\/p>\n\n\n\n<p>El Juez indico que, para atender la garant\u00eda explicada, se destaca que el procedimiento de origen, en lo que interesa, se rige por los art\u00edculos 837 y 838 de la Ley Federal del Trabajo, disposiciones de las cuales se desprende concretamente el art\u00edculo 838, que se\u00f1ala \u201cLa Junta dictar\u00e1 sus resoluciones en el acto en que concluya la diligencia respectiva o dentro de las cuarenta y ocho horas siguientes a aquellas en la que reciba promociones por escrito, salvo disposici\u00f3n en contrario de esta Ley.\u201d<\/p>\n\n\n\n<p>El Jugado emite la sentencia otorgando el amparo para que, el presidente de la Junta Especial N\u00famero Dos de la JLCA en Victoria, acredite haber emitido, conforme a sus facultades legales, un acuerdo o destino al escrito de ocho de agosto de dos mil veinticinco, dentro del juicio laboral 278\/E02\/2016; debiendo destacar que dicha resoluci\u00f3n ya fue dada por cumplida.<\/p>\n","protected":false},"excerpt":{"rendered":"<p>Ciudad Victoria, Tamaulipas, M\u00e9xico, Am\u00e9rica.- El Poder Judicial Federal, obligo a Daniela Karina L\u00f3pez Garza,&#8230;<\/p>\n","protected":false},"author":1,"featured_media":378944,"comment_status":"open","ping_status":"open","sticky":false,"template":"","format":"standard","meta":{"footnotes":""},"categories":[6,583,20],"tags":[],"class_list":["post-380129","post","type-post","status-publish","format-standard","has-post-thumbnail","hentry","category-baltazar","category-principales","category-tamaulipas"],"gutentor_comment":0,"_links":{"self":[{"href":"https:\/\/www.elplaneta.mx\/index.php?rest_route=\/wp\/v2\/posts\/380129","targetHints":{"allow":["GET"]}}],"collection":[{"href":"https:\/\/www.elplaneta.mx\/index.php?rest_route=\/wp\/v2\/posts"}],"about":[{"href":"https:\/\/www.elplaneta.mx\/index.php?rest_route=\/wp\/v2\/types\/post"}],"author":[{"embeddable":true,"href":"https:\/\/www.elplaneta.mx\/index.php?rest_route=\/wp\/v2\/users\/1"}],"replies":[{"embeddable":true,"href":"https:\/\/www.elplaneta.mx\/index.php?rest_route=%2Fwp%2Fv2%2Fcomments&post=380129"}],"version-history":[{"count":1,"href":"https:\/\/www.elplaneta.mx\/index.php?rest_route=\/wp\/v2\/posts\/380129\/revisions"}],"predecessor-version":[{"id":380131,"href":"https:\/\/www.elplaneta.mx\/index.php?rest_route=\/wp\/v2\/posts\/380129\/revisions\/380131"}],"wp:featuredmedia":[{"embeddable":true,"href":"https:\/\/www.elplaneta.mx\/index.php?rest_route=\/wp\/v2\/media\/378944"}],"wp:attachment":[{"href":"https:\/\/www.elplaneta.mx\/index.php?rest_route=%2Fwp%2Fv2%2Fmedia&parent=380129"}],"wp:term":[{"taxonomy":"category","embeddable":true,"href":"https:\/\/www.elplaneta.mx\/index.php?rest_route=%2Fwp%2Fv2%2Fcategories&post=380129"},{"taxonomy":"post_tag","embeddable":true,"href":"https:\/\/www.elplaneta.mx\/index.php?rest_route=%2Fwp%2Fv2%2Ftags&post=380129"}],"curies":[{"name":"wp","href":"https:\/\/api.w.org\/{rel}","templated":true}]}}