{"id":380135,"date":"2026-03-12T06:33:18","date_gmt":"2026-03-12T12:33:18","guid":{"rendered":"https:\/\/www.elplaneta.mx\/?p=380135"},"modified":"2026-03-12T06:33:23","modified_gmt":"2026-03-12T12:33:23","slug":"la-rebelion-de-los-borregos","status":"publish","type":"post","link":"https:\/\/www.elplaneta.mx\/?p=380135","title":{"rendered":"La rebeli\u00f3n de los borregos"},"content":{"rendered":"\n<p>Por Felipe Mart\u00ednez Ch\u00e1vez<\/p>\n\n\n\n<p>Cd. Victoria, Tamaulipas.- En pol\u00edtica hasta los reba\u00f1os se cansan del pastor, cuando este deja de conducir para empezar a mandar a golpes de imposici\u00f3n.<\/p>\n\n\n\n<p>Es lo que ocurre en el PAN Tamaulipas, donde 24 de 28 comit\u00e9s municipales levantaron la voz para exigir al CEN que convoque a elecciones, toda vez que el periodo del gerente, Luis \u201cCachorro\u201d Cant\u00fa, venci\u00f3 hace seis meses<\/p>\n\n\n\n<p>La rebeli\u00f3n interna en contra de una corriente agotada y cuestionada, surgi\u00f3 del cuadro menos esperado, Andr\u00e9s Gonz\u00e1lez Galv\u00e1n, quien prob\u00f3 las mieles del presupuesto y comi\u00f3 de la mano de los Cabeza de Vaca: Fue magistrado del Tribunal de Justicia y Secretario Ejecutivo del Instituto de Transparencia, adem\u00e1s de candidato a la presidencia de Madero donde exhibi\u00f3 sus miserias como pol\u00edtico.<\/p>\n\n\n\n<p>Es el \u201casesor jur\u00eddico\u201d de la divisi\u00f3n de la yunta cabecista, la que retrata con rudeza la descomposici\u00f3n azul y el negro futuro que les espera, tanto que podr\u00edan perder el registro estatal (subsidio) en los comicios del 2027.<\/p>\n\n\n\n<p>Comieron y bebieron del cabecismo, como Alma Ram\u00edrez Izaguirre, ex regidora en Victoria; ex Contralora de la General de Gobierno con su amigo Truko, que ahora lidera la divisi\u00f3n.<\/p>\n\n\n\n<p>Entendieron que seguir sometidos al mismo grupo no solo los hunde sino que los condena al fracaso electoral y por tanto acceso a los billetes oficiales, que en \u00faltima instancia es lo que m\u00e1s les interesa.<\/p>\n\n\n\n<p>M\u00e1s que una presidencia, lo que ha existido con Cant\u00fa es una gerencia, control faccioso, esquema de mando cerrado para conservar cuotas, repartir candidaturas y blindar intereses de los Cabeza de Vaca.<\/p>\n\n\n\n<p>Este martes convocaron a conferencia de prensa en las propias oficinas del PAN de 22 Berrioz\u00e1bal, en t\u00edmida protesta sin mencionar culpables de sus males \u00bfsiguen siendo fans los Garc\u00eda?. Dicen que los golpes ingren.<\/p>\n\n\n\n<p>Tarde se dieron cuenta que necesitaban destetarse. Ya no podr\u00e1n hacerlo. El due\u00f1o de las siglas en Tamaulipas les comi\u00f3 el mandado.<\/p>\n\n\n\n<p>El escenario que viven tiene nombre: Cacicazgo de una familia y camarilla de compadres y, los cacicazgos, aunque se disfracen, terminan pudriendo todo desde adentro.<\/p>\n\n\n\n<p>No somos genios ni adivinos, pero lo que puede seguir es convertir el comit\u00e9 estatal en una delegaci\u00f3n dependiente del nacional, en que la gerencia seguir\u00e1 en manos del cabecismo.<\/p>\n\n\n\n<p>Desenlace esperado: Le van a \u201cpelar los ojos\u201d a Ismael y a Francisco. La franquicia es suya. Debi\u00f3 haberle costado sus buenos pesos que salieron del erario. No puede dejar de gozar de los beneficios que escurren.<\/p>\n\n\n\n<p>Ya no quieren ser comparsa pero reaccionaron tarde. Por diez a\u00f1os se conformaron de migajas. En el corto tiempo no podr\u00e1n quitarse el yugo.<\/p>\n\n\n\n<p>Les quedan dos caminos: Seguir aplaudiendo y moviendo la matraca, pegar propaganda, validar los acuerdos tomados desde \u201cel otro lado\u201d, disciplinados, o guardar silencio si es que le tienen amor a la camiseta.<\/p>\n\n\n\n<p>Si atacan y enlodan ser\u00edan expulsados.<\/p>\n\n\n\n<p>Como militantes seguir\u00e1n siendo borregos hasta que aquel lo decida. Tarde se dieron cuenta que Cachorro y Francisco no los representan sino que los administran como ganado.<\/p>\n\n\n\n<p>La llamada \u201crebeli\u00f3n de los borregos\u201d encierra una iron\u00eda: Quienes fueron tratados durante a\u00f1os como reba\u00f1o, terminaron por darse cuenta que el problema no era la falta de pastor, sino el exceso de desverg\u00fcenza.<\/p>\n\n\n\n<p>La definici\u00f3n es brutal pero exacta: Cuando el reba\u00f1o se voltea, no es porque haya perdido el rumbo, es porque descubri\u00f3 que lo llevaban al matadero pol\u00edtico sin que escurran \u201csobrinas\u201d de miel.<\/p>\n\n\n\n<p>Quisi\u00e9ramos estar equivocados pero es la suerte que espera a los rebeldes inocentes: La bota vacuna en el pescuezo.<\/p>\n\n\n\n<p>El Gobernador Am\u00e9rico Villarreal dedic\u00f3 a temas de salud su conferencia semanal con la prensa, que tradicionalmente tiene como escenario el Sal\u00f3n Independencia, antiguo recito del Congreso del Estado (segundo piso del Palacio de piedra).<\/p>\n\n\n\n<p>Am\u00e9rico es m\u00e9dico de profesi\u00f3n y, si hay un tema que domina es el de salud. Por eso sabe que Tamaulipas ha destacado a nivel nacional en elevar la calidad de vida y bienestar de las familias de los 43 municipios.<\/p>\n\n\n\n<p>El gobierno de la transformaci\u00f3n \u201clogr\u00f3 recuperar lo que estaba colapsado\u201d (que dej\u00f3 el gobierno anterior) y avanzar hacia un sistema de salud universal gratuito (para los no derechohabientes, que conste), dijo.<\/p>\n\n\n\n<p>En poco m\u00e1s de tres a\u00f1os de administraci\u00f3n, se logr\u00f3 reducir hasta en 25 por ciento las muertes intrahospitalarias por infarto agudo al miocardio; los medicamentos oncol\u00f3gicos est\u00e1n garantizados al cien por ciento, y somos, hoy, hoy, el p\u00fanico estado sin casos de sarampi\u00f3n en 2026.<\/p>\n\n\n\n<p>Otro de los logros que destac\u00f3, siempre acompa\u00f1ado de colaboradores del sector salud: Somos punta de lanza nacional en la implementaci\u00f3n del Ibreast Exam, un dispositivo para detectar c\u00e1ncer de mama.<\/p>\n\n\n\n<p>El Congreso de Tamaulipas tiene trabajo en comisiones el jueves 12, en que destaca un tema: La reversa a un dedreto del 15 de diciembre del 2023, por el que se don\u00f3 al IMS un predio de cinco hect\u00e1reas ubicado en Altamira.<\/p>\n\n\n\n<p>La Ley de Bienes del Estado dice que, si el terreno no se utiliza para los fines se\u00f1alados dentro de un plazo de dos a\u00f1os, debe regresar a la hacienda p\u00fablica.<\/p>\n\n\n\n<p>No piense mal usted, querido lector. El terreno se dedicar\u00e1 a instalaciones dentro de los convenios del Gobierno del Estado IMSS Bienestar.<\/p>\n","protected":false},"excerpt":{"rendered":"<p>Por Felipe Mart\u00ednez Ch\u00e1vez Cd. Victoria, Tamaulipas.- En pol\u00edtica hasta los reba\u00f1os se cansan del&#8230;<\/p>\n","protected":false},"author":1,"featured_media":0,"comment_status":"closed","ping_status":"closed","sticky":false,"template":"","format":"standard","meta":{"footnotes":""},"categories":[5],"tags":[],"class_list":["post-380135","post","type-post","status-publish","format-standard","hentry","category-opinion"],"gutentor_comment":0,"_links":{"self":[{"href":"https:\/\/www.elplaneta.mx\/index.php?rest_route=\/wp\/v2\/posts\/380135","targetHints":{"allow":["GET"]}}],"collection":[{"href":"https:\/\/www.elplaneta.mx\/index.php?rest_route=\/wp\/v2\/posts"}],"about":[{"href":"https:\/\/www.elplaneta.mx\/index.php?rest_route=\/wp\/v2\/types\/post"}],"author":[{"embeddable":true,"href":"https:\/\/www.elplaneta.mx\/index.php?rest_route=\/wp\/v2\/users\/1"}],"replies":[{"embeddable":true,"href":"https:\/\/www.elplaneta.mx\/index.php?rest_route=%2Fwp%2Fv2%2Fcomments&post=380135"}],"version-history":[{"count":2,"href":"https:\/\/www.elplaneta.mx\/index.php?rest_route=\/wp\/v2\/posts\/380135\/revisions"}],"predecessor-version":[{"id":380137,"href":"https:\/\/www.elplaneta.mx\/index.php?rest_route=\/wp\/v2\/posts\/380135\/revisions\/380137"}],"wp:attachment":[{"href":"https:\/\/www.elplaneta.mx\/index.php?rest_route=%2Fwp%2Fv2%2Fmedia&parent=380135"}],"wp:term":[{"taxonomy":"category","embeddable":true,"href":"https:\/\/www.elplaneta.mx\/index.php?rest_route=%2Fwp%2Fv2%2Fcategories&post=380135"},{"taxonomy":"post_tag","embeddable":true,"href":"https:\/\/www.elplaneta.mx\/index.php?rest_route=%2Fwp%2Fv2%2Ftags&post=380135"}],"curies":[{"name":"wp","href":"https:\/\/api.w.org\/{rel}","templated":true}]}}