{"id":380150,"date":"2026-03-12T06:53:00","date_gmt":"2026-03-12T12:53:00","guid":{"rendered":"https:\/\/www.elplaneta.mx\/?p=380150"},"modified":"2026-03-12T06:53:04","modified_gmt":"2026-03-12T12:53:04","slug":"los-industriales-atribuyen-contaminacion-en-el-valle-de-mexico-al-trafico-vehicular-unidem","status":"publish","type":"post","link":"https:\/\/www.elplaneta.mx\/?p=380150","title":{"rendered":"Los industriales atribuyen contaminaci\u00f3n en el Valle de M\u00e9xico al tr\u00e1fico vehicular: Unidem"},"content":{"rendered":"<div class=\"wp-block-image\">\n<figure class=\"alignleft size-full\"><img loading=\"lazy\" decoding=\"async\" width=\"448\" height=\"338\" src=\"https:\/\/www.elplaneta.mx\/wp-content\/themes\/elplaneta\/FOTOS\/12E236467847555.jpeg\" alt=\"\" class=\"wp-image-380151\" srcset=\"https:\/\/www.elplaneta.mx\/wp-content\/themes\/elplaneta\/FOTOS\/12E236467847555.jpeg 448w, https:\/\/www.elplaneta.mx\/wp-content\/themes\/elplaneta\/FOTOS\/12E236467847555-300x226.jpeg 300w\" sizes=\"auto, (max-width: 448px) 100vw, 448px\" \/><figcaption class=\"wp-element-caption\">Francisco Cuevas Dobargane<\/figcaption><\/figure><\/div>\n\n\n<p>Toluca, Estado de M\u00e9xico, M\u00e9xico, Am\u00e9rica.- Ante la reciente contingencia ambiental por ozono en la Zona Metropolitana del Valle de M\u00e9xico, empresarios del sector industrial se\u00f1alaron que el principal factor de contaminaci\u00f3n no es la industria, sino el flujo vehicular que se registra diariamente en la regi\u00f3n.<\/p>\n\n\n\n<p>La Comisi\u00f3n Ambiental de la Megal\u00f3polis (CAMe) activ\u00f3 la Fase 1 de contingencia ambiental desde el martes 10 de marzo debido a la mala calidad del aire, medida que continuaba vigente hasta este mi\u00e9rcoles 11 de marzo del a\u00f1o en curso, ante los altos niveles de ozono registrados.<\/p>\n\n\n\n<p>El director general de la Uni\u00f3n Industrial del Estado de M\u00e9xico (UNIDEM), Francisco Cuevas Dobarganes, explic\u00f3 que los picos m\u00e1s altos de contaminaci\u00f3n suelen registrarse durante las horas de mayor circulaci\u00f3n vehicular.<\/p>\n\n\n\n<p>\u201cEsto coincide con el momento en que circula un mayor n\u00famero de autom\u00f3viles y camiones, lo que sugiere que el transporte es una de las principales fuentes de emisiones contaminantes\u201d, afirm\u00f3.<\/p>\n\n\n\n<p>El representante empresarial reconoci\u00f3 que todav\u00eda existen algunas empresas contaminantes, aunque se\u00f1al\u00f3 que en la mayor\u00eda de los casos sus emisiones son visibles y pueden ser detectadas por las autoridades.<\/p>\n\n\n\n<p>En estos casos, explic\u00f3, las industrias suelen ser sancionadas por autoridades estatales y municipales, e incluso pueden ser clausuradas si incumplen la normativa ambiental.<\/p>\n\n\n\n<p>Cuevas Dobarganes record\u00f3 que varias industrias altamente contaminantes, principalmente del sector de fundici\u00f3n, que operaban en municipios como Ecatepec, Iztapaluca, Naucalpan, Cuautitl\u00e1n y Tultitl\u00e1n, han desaparecido o se han reubicado en las \u00faltimas d\u00e9cadas.<\/p>\n\n\n\n<p>Esto, dijo, ha contribuido a reducir los niveles de contaminaci\u00f3n en comparaci\u00f3n con hace 30 a\u00f1os.<\/p>\n\n\n\n<p>El dirigente industrial explic\u00f3 que, adem\u00e1s de las emisiones vehiculares, existen factores meteorol\u00f3gicos que influyen en la acumulaci\u00f3n de contaminantes.<\/p>\n\n\n\n<p>Entre ellos mencion\u00f3 la falta de movimiento del aire, los sistemas de presi\u00f3n atmosf\u00e9rica y temperaturas m\u00e1s altas de lo normal, condiciones que favorecen la concentraci\u00f3n de contaminantes en el Valle de M\u00e9xico.<\/p>\n\n\n\n<p>Respecto a las restricciones vehiculares aplicadas durante la contingencia, como la limitaci\u00f3n para autos con hologramas 0 y 00, se\u00f1al\u00f3 que se trata de medidas emergentes necesarias, aunque suelen ser impopulares.<\/p>\n\n\n\n<p>\u201cEstas acciones buscan responder a un riesgo inmediato para la poblaci\u00f3n, aunque no resuelven el problema de fondo\u201d, indic\u00f3.<\/p>\n\n\n\n<p>Cuevas Dobarganes consider\u00f3 que para reducir la contaminaci\u00f3n de forma permanente se requieren cambios estructurales en movilidad, energ\u00eda y planeaci\u00f3n urbana.<\/p>\n\n\n\n<p>Entre las medidas que plante\u00f3 se encuentran mejorar el transporte p\u00fablico, desincentivar el uso del autom\u00f3vil particular y promover un desarrollo urbano que reduzca los desplazamientos largos.<\/p>\n\n\n\n<p>\u201cLas contingencias ambientales seguir\u00e1n siendo parte del calendario anual si no se toman medidas estructurales. El aire limpio debe convertirse en una pol\u00edtica p\u00fablica permanente, no solo en una reacci\u00f3n ante las crisis\u201d, concluy\u00f3.<\/p>\n","protected":false},"excerpt":{"rendered":"<p>Toluca, Estado de M\u00e9xico, M\u00e9xico, Am\u00e9rica.- Ante la reciente contingencia ambiental por ozono en la&#8230;<\/p>\n","protected":false},"author":1,"featured_media":380151,"comment_status":"open","ping_status":"open","sticky":false,"template":"","format":"standard","meta":{"footnotes":""},"categories":[130],"tags":[],"class_list":["post-380150","post","type-post","status-publish","format-standard","has-post-thumbnail","hentry","category-nacional"],"gutentor_comment":0,"_links":{"self":[{"href":"https:\/\/www.elplaneta.mx\/index.php?rest_route=\/wp\/v2\/posts\/380150","targetHints":{"allow":["GET"]}}],"collection":[{"href":"https:\/\/www.elplaneta.mx\/index.php?rest_route=\/wp\/v2\/posts"}],"about":[{"href":"https:\/\/www.elplaneta.mx\/index.php?rest_route=\/wp\/v2\/types\/post"}],"author":[{"embeddable":true,"href":"https:\/\/www.elplaneta.mx\/index.php?rest_route=\/wp\/v2\/users\/1"}],"replies":[{"embeddable":true,"href":"https:\/\/www.elplaneta.mx\/index.php?rest_route=%2Fwp%2Fv2%2Fcomments&post=380150"}],"version-history":[{"count":1,"href":"https:\/\/www.elplaneta.mx\/index.php?rest_route=\/wp\/v2\/posts\/380150\/revisions"}],"predecessor-version":[{"id":380152,"href":"https:\/\/www.elplaneta.mx\/index.php?rest_route=\/wp\/v2\/posts\/380150\/revisions\/380152"}],"wp:featuredmedia":[{"embeddable":true,"href":"https:\/\/www.elplaneta.mx\/index.php?rest_route=\/wp\/v2\/media\/380151"}],"wp:attachment":[{"href":"https:\/\/www.elplaneta.mx\/index.php?rest_route=%2Fwp%2Fv2%2Fmedia&parent=380150"}],"wp:term":[{"taxonomy":"category","embeddable":true,"href":"https:\/\/www.elplaneta.mx\/index.php?rest_route=%2Fwp%2Fv2%2Fcategories&post=380150"},{"taxonomy":"post_tag","embeddable":true,"href":"https:\/\/www.elplaneta.mx\/index.php?rest_route=%2Fwp%2Fv2%2Ftags&post=380150"}],"curies":[{"name":"wp","href":"https:\/\/api.w.org\/{rel}","templated":true}]}}