{"id":380153,"date":"2026-03-12T06:56:42","date_gmt":"2026-03-12T12:56:42","guid":{"rendered":"https:\/\/www.elplaneta.mx\/?p=380153"},"modified":"2026-03-12T06:56:47","modified_gmt":"2026-03-12T12:56:47","slug":"fin-de-las-pensiones-doradas","status":"publish","type":"post","link":"https:\/\/www.elplaneta.mx\/?p=380153","title":{"rendered":"Fin de las \u201cpensiones doradas\u201d"},"content":{"rendered":"\n<p>Por: Alejandro Govea Torres<\/p>\n\n\n\n<p>&nbsp;&nbsp;&nbsp;&nbsp;&nbsp;&nbsp;&nbsp;&nbsp; Como un acto de justicia social se puede considerar el fin de las llamadas \u201cpensiones doradas\u201d, cuya iniciativa fue aprobada ayer por unanimidad en el Senado de la Rep\u00fablica, sin embargo, resulta contradictorio que en el dictamen se haya exceptuado a los integrantes de las fuerzas armadas y a los funcionarios de las secretar\u00edas de estado.<\/p>\n\n\n\n<p>&nbsp;&nbsp;&nbsp;&nbsp;&nbsp;&nbsp;&nbsp;&nbsp; Y es que la ley debe de ser aplicada en forma pareja para todos los pensionados, puesto que M\u00e9xico no es un estado de excepci\u00f3n a pesar de la violencia que se registra en todo el pa\u00eds.<\/p>\n\n\n\n<p>&nbsp;&nbsp;&nbsp;&nbsp;&nbsp;&nbsp;&nbsp;&nbsp; La sociedad mexicana consider\u00f3 como un acierto que la presidenta Claudia Sheinbaum Pardo haya tomado la decisi\u00f3n de acabar con las \u201cpensiones doradas\u201d, pero con est\u00e1s excepciones se perdi\u00f3 el encanto que hab\u00eda causado porque indica que hay mexicanos de primera, con canonj\u00edas y prebendas, que los mexicanos de segunda no tienen derecho a tener.<\/p>\n\n\n\n<p>&nbsp;&nbsp;&nbsp;&nbsp;&nbsp;&nbsp;&nbsp;&nbsp; No era justo que mientras algunos extrabajadores tengan pensiones de un mill\u00f3n de pesos mensualmente, como es el caso de 300 personas que laboraron en la extinta compa\u00f1\u00eda de Luz y Fuerza del Centro, otros tengan ingresos de poco m\u00e1s de 10 mil pesos mensuales, seg\u00fan denunci\u00f3 ayer mismo el senador Ricardo Anaya Cort\u00e9s del PAN.<\/p>\n\n\n\n<p>&nbsp;&nbsp;&nbsp;&nbsp;&nbsp;&nbsp;&nbsp;&nbsp; Tambi\u00e9n hay extrabajadores con \u201cpensiones doradas\u201d de Petr\u00f3leos Mexicano (Pemex), de la Comisi\u00f3n Federal de Electricidad (CFE), de Nacional Financiera (Nafinsa), entre otras empresas paraestatales.<\/p>\n\n\n\n<p>&nbsp;&nbsp;&nbsp;&nbsp;&nbsp;&nbsp;&nbsp;&nbsp; La retroactividad del fin de las pensiones doradas fue ampliamente discutida en la sesi\u00f3n de ayer en la c\u00e1mara alta del Congreso de la Uni\u00f3n, puesto que el senador Luis Donaldo Colosio Rojas de Movimiento Ciudadano (MC) se opuso a que se aplicara de inmediata, la mayor\u00eda decidi\u00f3 que ya hab\u00edan cobrado lo suficiente para tener una vida decorosa.<\/p>\n\n\n\n<p>&nbsp;&nbsp;&nbsp;&nbsp;&nbsp;&nbsp;&nbsp;&nbsp; Ahora la pensi\u00f3n m\u00e1s alta ser\u00e1 de 70 mil pesos mensuales, seg\u00fan el dictamen que se difundi\u00f3 el d\u00eda de ayer, sobre todo aquellas que han constituido a partir de las aportaciones voluntarias de los trabajadores.<\/p>\n\n\n\n<p>&nbsp;&nbsp;&nbsp;&nbsp;&nbsp;&nbsp;&nbsp;&nbsp; No se descarta la posibilidad de que algunos extrabajadores con \u201cpensiones doradas\u201d interpongan amparos para que no se reduzcan sus ingresos mensuales, sin embargo, se espera que la Suprema Corte de Justicia de la Naci\u00f3n (SCJN), que encabeza el ministro Hugo Aguilar Ortiz, los deseche para no ir en contra de la decisi\u00f3n presidencial.<\/p>\n\n\n\n<p>&nbsp;&nbsp;&nbsp;&nbsp;&nbsp;&nbsp;&nbsp;&nbsp; En otro tema, el rector D\u00e1maso Anaya Alvarado inaugur\u00f3 un programa de capacitaci\u00f3n dirigido a los catedr\u00e1ticos de la UAT enfocado en la actualizaci\u00f3n tecnol\u00f3gica y la innovaci\u00f3n educativa con el prop\u00f3sito de que mejoren sus t\u00e9cnicas de ense\u00f1anza.<\/p>\n\n\n\n<p>&nbsp;&nbsp;&nbsp;&nbsp;&nbsp;&nbsp;&nbsp;&nbsp; El programa de capacitaci\u00f3n se desarroll\u00f3 mediante el Taller de Dise\u00f1o Did\u00e1ctico de Unidades de Ense\u00f1anza Aprendizaje (UEA) e Impartici\u00f3n de la C\u00e1tedra en Educaci\u00f3n Superior (ICES).<\/p>\n\n\n\n<p>&nbsp;&nbsp;&nbsp;&nbsp;&nbsp;&nbsp;&nbsp;&nbsp; En su alocuci\u00f3n, el rector Anaya Alvarado destac\u00f3 la importancia de consolidar la transformaci\u00f3n acad\u00e9mica, subrayando que la capacitaci\u00f3n permanente es fundamental para mejorar y actualizar los procesos y formar profesionistas preparados para enfrentar los restos actuales.<\/p>\n\n\n\n<p>&nbsp;&nbsp;&nbsp;&nbsp;&nbsp;&nbsp;&nbsp;&nbsp; Explic\u00f3 que el taller permitir\u00e1 a los docentes profundizar en el dise\u00f1o de los elementos esenciales para la organizaci\u00f3n de programas educativos y la evaluaci\u00f3n del aprendizaje de los alumnos, adem\u00e1s permite avanzar en el desarrollo de los procesos educativos y en la asesor\u00eda.<\/p>\n\n\n\n<p>&nbsp;&nbsp;&nbsp;&nbsp;&nbsp;&nbsp;&nbsp;&nbsp; Cabe destacar, que el taller incorpora herramientas de inteligencia artificial como apoyo para optimizar el dise\u00f1o de las actividades de aprendizaje y fortalece la planeaci\u00f3n did\u00e1ctica para consolidar el trabajo colegiado entre las academias y el dise\u00f1o curricular.<\/p>\n\n\n\n<p>&nbsp;&nbsp;&nbsp;&nbsp;&nbsp;&nbsp;&nbsp;&nbsp; Por otra parte, el pleno de la C\u00e1mara de Diputados design\u00f3 ayer a Aureliano Hern\u00e1ndez Palacios Cardel como nuevo titular de la Auditor\u00eda Superior de la Federaci\u00f3n (ASF) en sustituci\u00f3n de David Colmenares P\u00e1ramo, cuya gesti\u00f3n concluir\u00e1 el pr\u00f3ximo 15 de marzo.<\/p>\n\n\n\n<p>Hern\u00e1ndez Palacios Cardel estar\u00e1 al frente de la ASF hasta el 2034, luego de obtener 472 votos, dejando en el camino a los otros integrantes de la terna, es decir a la contadora p\u00fablica y abogada Elizabeth Barba Villaf\u00e1n y Luis Miguel Mart\u00ednez Anzures, actual presidente del Instituto Nacional de Administraci\u00f3n P\u00fablica (INAP) de M\u00e9xico.<\/p>\n\n\n\n<p>&nbsp;&nbsp;&nbsp;&nbsp;&nbsp;&nbsp;&nbsp;&nbsp; El sucesor de Colmenares P\u00e1ramo es hijo de Fernando Aureliano Hern\u00e1ndez Palacios Mir\u00f3n, quien se desempe\u00f1\u00f3 desde enero de 2022 como secretario de la hoy presidenta Claudia Sheinbaum Pardo, cuando era jefa de Gobierno de la Ciudad de M\u00e9xico.<\/p>\n\n\n\n<p>Correo electr\u00f3nico: jagovea_53@yahoo.com<\/p>\n\n\n\n<p><\/p>\n","protected":false},"excerpt":{"rendered":"<p>Por: Alejandro Govea Torres &nbsp;&nbsp;&nbsp;&nbsp;&nbsp;&nbsp;&nbsp;&nbsp; Como un acto de justicia social se puede considerar el&#8230;<\/p>\n","protected":false},"author":1,"featured_media":0,"comment_status":"closed","ping_status":"closed","sticky":false,"template":"","format":"standard","meta":{"footnotes":""},"categories":[5],"tags":[],"class_list":["post-380153","post","type-post","status-publish","format-standard","hentry","category-opinion"],"gutentor_comment":0,"_links":{"self":[{"href":"https:\/\/www.elplaneta.mx\/index.php?rest_route=\/wp\/v2\/posts\/380153","targetHints":{"allow":["GET"]}}],"collection":[{"href":"https:\/\/www.elplaneta.mx\/index.php?rest_route=\/wp\/v2\/posts"}],"about":[{"href":"https:\/\/www.elplaneta.mx\/index.php?rest_route=\/wp\/v2\/types\/post"}],"author":[{"embeddable":true,"href":"https:\/\/www.elplaneta.mx\/index.php?rest_route=\/wp\/v2\/users\/1"}],"replies":[{"embeddable":true,"href":"https:\/\/www.elplaneta.mx\/index.php?rest_route=%2Fwp%2Fv2%2Fcomments&post=380153"}],"version-history":[{"count":2,"href":"https:\/\/www.elplaneta.mx\/index.php?rest_route=\/wp\/v2\/posts\/380153\/revisions"}],"predecessor-version":[{"id":380155,"href":"https:\/\/www.elplaneta.mx\/index.php?rest_route=\/wp\/v2\/posts\/380153\/revisions\/380155"}],"wp:attachment":[{"href":"https:\/\/www.elplaneta.mx\/index.php?rest_route=%2Fwp%2Fv2%2Fmedia&parent=380153"}],"wp:term":[{"taxonomy":"category","embeddable":true,"href":"https:\/\/www.elplaneta.mx\/index.php?rest_route=%2Fwp%2Fv2%2Fcategories&post=380153"},{"taxonomy":"post_tag","embeddable":true,"href":"https:\/\/www.elplaneta.mx\/index.php?rest_route=%2Fwp%2Fv2%2Ftags&post=380153"}],"curies":[{"name":"wp","href":"https:\/\/api.w.org\/{rel}","templated":true}]}}