{"id":380159,"date":"2026-03-12T07:05:19","date_gmt":"2026-03-12T13:05:19","guid":{"rendered":"https:\/\/www.elplaneta.mx\/?p=380159"},"modified":"2026-03-12T07:05:24","modified_gmt":"2026-03-12T13:05:24","slug":"buscan-mejorar-la-calidad-de-vida-en-antartida-argentina","status":"publish","type":"post","link":"https:\/\/www.elplaneta.mx\/?p=380159","title":{"rendered":"Buscan mejorar la calidad de vida en Ant\u00e1rtida Argentina"},"content":{"rendered":"<div class=\"wp-block-image\">\n<figure class=\"alignleft size-full\"><img loading=\"lazy\" decoding=\"async\" width=\"540\" height=\"336\" src=\"https:\/\/www.elplaneta.mx\/wp-content\/themes\/elplaneta\/FOTOS\/12A35694575756.jpeg\" alt=\"\" class=\"wp-image-380160\" srcset=\"https:\/\/www.elplaneta.mx\/wp-content\/themes\/elplaneta\/FOTOS\/12A35694575756.jpeg 540w, https:\/\/www.elplaneta.mx\/wp-content\/themes\/elplaneta\/FOTOS\/12A35694575756-300x187.jpeg 300w, https:\/\/www.elplaneta.mx\/wp-content\/themes\/elplaneta\/FOTOS\/12A35694575756-400x250.jpeg 400w\" sizes=\"auto, (max-width: 540px) 100vw, 540px\" \/><\/figure><\/div>\n\n\n<p>Base Marambio, Ant\u00e1rtida Argentina, Ant\u00e1rtida.- Los investigadores del Consejo Nacional de Investigaciones Cient\u00edficas y T\u00e9cnicas (ConiceT) Juan Manuel Monteoliva, Roberto Germ\u00e1n Rodr\u00edguez y Emanuel Ricardo Schumacher, integrantes del grupo de Iluminaci\u00f3n Natural Sustentable del Instituto de Ambiente, H\u00e1bitat y Energ\u00eda (INAHE, CONICET), llevan adelante en la Ant\u00e1rtida un estudio que busca ampliar el conocimiento integral de la luz natural en latitudes australes, aprovechando las condiciones \u00fanicas de radiaci\u00f3n solar en el continente blanco.<\/p>\n\n\n\n<p>Las variaciones que presenta esta regi\u00f3n en la disponibilidad de luz solar, con per\u00edodos prolongados de claridad o de oscuridad y cambios que se producen tanto a lo largo del a\u00f1o como dentro de un mismo d\u00eda, generan un entorno clim\u00e1tico \u00fanico para ser estudiado que no puede reproducirse en ninguna regi\u00f3n continental.<\/p>\n\n\n\n<p>La propuesta del proyecto fue presentada por la investigadora del CONICET Andrea Pattini, coordinadora de la l\u00ednea de Iluminaci\u00f3n Natural Sustentable del INAHE, ante la Direcci\u00f3n Nacional del Ant\u00e1rtico (DNA) y el Instituto Ant\u00e1rtico Argentino (IAA), con el objetivo de participar en el Programa Ant\u00e1rtico Anual 2025-2026 y la iniciativa fue evaluada tanto desde el punto de vista cient\u00edfico como ambiental, de acuerdo con los lineamientos establecidos en el Protocolo de Madrid.<\/p>\n\n\n\n<p>\u00bfEn qu\u00e9 consiste la medici\u00f3n, que material se utiliza y qu\u00e9 tipo de luz est\u00e1n midiendo?<\/p>\n\n\n\n<p>Juan Manuel Monteoliva: Las mediciones lum\u00ednicas abarcan las tres escalas que aborda la l\u00ednea de Investigaci\u00f3n en Iluminaci\u00f3n Natural Sustentable: urbana, edilicia, y humana. En la primera de ellas se tom\u00f3 el Fort\u00edn Sargento Cabral como un peque\u00f1o n\u00facleo urbano, caracterizando su materialidad y volumetr\u00eda en relaci\u00f3n al relieve y a los diferentes tipos de cielo que se pudo caracterizar con nuestro instrumental cient\u00edfico.<\/p>\n\n\n\n<p>En la escala Edilicia, se realiz\u00f3 un an\u00e1lisis fotom\u00e9trico din\u00e1mico de espacios de aprendizaje en Base Esperanza, centrado en la disponibilidad de luz natural y su impacto en los ocupantes durante el periodo estival. Se tomaron como casos testigo: la Escuela Provincial N\u00b0 38 \u201cPresidente Ra\u00fal Ricardo Alfons\u00edn\u201d, la primera en el mundo y la m\u00e1s austral del programa GLOBE (NASA), y el Laboratorio Ant\u00e1rtico Multidisciplinario de Base Esperanza (LAMBE). A escala humana, se evaluaron h\u00e1bitos de sue\u00f1o en relaci\u00f3n a la exposici\u00f3n prolongada de luz asociada al verano en regiones polares, tanto natural como artificial proveniente de espacios construidos y del uso de dispositivos con pantalla.<\/p>\n\n\n\n<p>Roberto Germ\u00e1n Rodr\u00edguez: Se realiz\u00f3 una caracterizaci\u00f3n integral tanto a nivel clima luminoso, morfolog\u00eda edilicia y de rutinas de la poblaci\u00f3n civil. El objetivo es obtener toda la informaci\u00f3n necesaria para realizar modelos virtuales que permitan conocer las condiciones de exposici\u00f3n lum\u00ednica durante todo el a\u00f1o, a partir de los registros del periodo estival relevado. Estamos midiendo luz ambiental del espectro visible y circadiano, espectralidad del cielo, exposici\u00f3n personal a luz visible y circadiana.<\/p>\n\n\n\n<p>\u00bfEs la primera vez que se hace este tipo de medici\u00f3n?<\/p>\n\n\n\n<p>Roberto Germ\u00e1n Rodr\u00edguez: S\u00ed. Lo novedoso de este estudio es que integra numerosas capas o dimensiones de an\u00e1lisis: caracterizaciones fotom\u00e9tricas, modelado tridimensional, exposici\u00f3n e impacto humano. En relaci\u00f3n al entorno ant\u00e1rtico, es la primera vez que se realiza este tipo de investigaci\u00f3n orientada a la infraestructura y personal desplegado desde una mirada en la sostenibilidad y el bienestar humano. En particular quisi\u00e9ramos agradecer en nombre de todo el equipo desplegado, a Mat\u00edas Belinco, coordinador del \u00c1rea de Cs. Sociales, comunicaci\u00f3n y difusi\u00f3n del IAA, por su constante orientaci\u00f3n y seguimiento de este proyecto.<\/p>\n\n\n\n<p>Condiciones extremas<\/p>\n\n\n\n<p>Las condiciones extremas, a\u00fan en el verano han sido un desaf\u00edo, tanto para la operaci\u00f3n de los equipos de medici\u00f3n, como su traslado, manipulaci\u00f3n y cuidado. Asimismo, para la salud y seguridad nuestra como operadores. Se han realizado mediciones en exteriores con vientos de m\u00e1s de 40 km\/h y con -19\u00ba C de sensaci\u00f3n t\u00e9rmica, en horarios no habituales dado que en esta \u00e9poca del a\u00f1o, si bien se pone el sol, no se alcanza la oscuridad absoluta. De acuerdo con los investigadores, esto aport\u00f3 desaf\u00edos y nuevos desarrollos metodol\u00f3gicos espec\u00edficos durante la campa\u00f1a de verano.<\/p>\n\n\n\n<p>\u00bfQu\u00e9 aporte concreto hacen estos resultados al conocimiento cient\u00edfico actual?<\/p>\n\n\n\n<p>Emanuel Ricardo Schumacher: Aporta conocimiento cient\u00edfico sobre recursos naturales aplicados al desarrollo de h\u00e1bitats sustentables en un territorio estrat\u00e9gico, como es la Ant\u00e1rtida Argentina. Adem\u00e1s, generamos bases de datos emp\u00edricas y publicaciones que posicionan al pa\u00eds, a nuestro instituto, y a nuestro grupo de trabajo en redes de colaboraci\u00f3n y financiamiento nacional e internacional. En cuestiones m\u00e1s aplicables, buscamos aportar a mejorar la calidad de vida en territorios polares, formar recursos humanos y fortalecer la presencia cient\u00edfica en el Atl\u00e1ntico Sur.<\/p>\n\n\n\n<p>Las conclusiones obtenidas pueden ser insumos para desarrollos de dise\u00f1o y arquitect\u00f3nicos en climas similares en el continente, o en actividades espec\u00edficas como alpinismo, refugios, entre otros. A mediano plazo, se prev\u00e9 generar una base de datos detallada sobre las condiciones de luz natural en la Ant\u00e1rtida, integrando ciencia, arquitectura sustentable y bienestar humano. A largo plazo, aportar lineamientos espec\u00edficos para estrategias de dise\u00f1o de iluminaci\u00f3n sustentable que optimicen este recurso, favorezcan la adaptaci\u00f3n a condiciones extremas y promuevan la salud de los ocupantes. Se busca consolidar al grupo como referente en la tem\u00e1tica. Finalmente, se planea ampliar la investigaci\u00f3n a partir de nuevas campa\u00f1as.<\/p>\n\n\n\n<p>\u00bfPor qu\u00e9 es importante que la sociedad conozca estos resultados? Andrea Pattini: En primer lugar, tenemos poca conciencia del car\u00e1cter bicontinental de nuestro territorio, y de la rica historia de nuestro pa\u00eds en t\u00e9rminos de presencia e investigaci\u00f3n ant\u00e1rtica. Hemos sido pioneros en muchos aspectos como Naci\u00f3n, y conocer el trabajo y sacrificio de cientos de compatriotas a\u00f1o a a\u00f1o, a trav\u00e9s de la divulgaci\u00f3n de la experiencia y resultados de nuestro grupo de trabajo es muy importante para sostener nuestra soberan\u00eda.<\/p>\n","protected":false},"excerpt":{"rendered":"<p>Base Marambio, Ant\u00e1rtida Argentina, Ant\u00e1rtida.- Los investigadores del Consejo Nacional de Investigaciones Cient\u00edficas y T\u00e9cnicas&#8230;<\/p>\n","protected":false},"author":1,"featured_media":380160,"comment_status":"open","ping_status":"open","sticky":false,"template":"","format":"standard","meta":{"footnotes":""},"categories":[4],"tags":[],"class_list":["post-380159","post","type-post","status-publish","format-standard","has-post-thumbnail","hentry","category-local"],"gutentor_comment":0,"_links":{"self":[{"href":"https:\/\/www.elplaneta.mx\/index.php?rest_route=\/wp\/v2\/posts\/380159","targetHints":{"allow":["GET"]}}],"collection":[{"href":"https:\/\/www.elplaneta.mx\/index.php?rest_route=\/wp\/v2\/posts"}],"about":[{"href":"https:\/\/www.elplaneta.mx\/index.php?rest_route=\/wp\/v2\/types\/post"}],"author":[{"embeddable":true,"href":"https:\/\/www.elplaneta.mx\/index.php?rest_route=\/wp\/v2\/users\/1"}],"replies":[{"embeddable":true,"href":"https:\/\/www.elplaneta.mx\/index.php?rest_route=%2Fwp%2Fv2%2Fcomments&post=380159"}],"version-history":[{"count":1,"href":"https:\/\/www.elplaneta.mx\/index.php?rest_route=\/wp\/v2\/posts\/380159\/revisions"}],"predecessor-version":[{"id":380161,"href":"https:\/\/www.elplaneta.mx\/index.php?rest_route=\/wp\/v2\/posts\/380159\/revisions\/380161"}],"wp:featuredmedia":[{"embeddable":true,"href":"https:\/\/www.elplaneta.mx\/index.php?rest_route=\/wp\/v2\/media\/380160"}],"wp:attachment":[{"href":"https:\/\/www.elplaneta.mx\/index.php?rest_route=%2Fwp%2Fv2%2Fmedia&parent=380159"}],"wp:term":[{"taxonomy":"category","embeddable":true,"href":"https:\/\/www.elplaneta.mx\/index.php?rest_route=%2Fwp%2Fv2%2Fcategories&post=380159"},{"taxonomy":"post_tag","embeddable":true,"href":"https:\/\/www.elplaneta.mx\/index.php?rest_route=%2Fwp%2Fv2%2Ftags&post=380159"}],"curies":[{"name":"wp","href":"https:\/\/api.w.org\/{rel}","templated":true}]}}