{"id":380169,"date":"2026-03-12T08:28:17","date_gmt":"2026-03-12T14:28:17","guid":{"rendered":"https:\/\/www.elplaneta.mx\/?p=380169"},"modified":"2026-03-12T08:28:21","modified_gmt":"2026-03-12T14:28:21","slug":"iniciara-toque-de-queda-en-ecuador-por-una-quincena-desde-el-15-de-marzo-de-2026","status":"publish","type":"post","link":"https:\/\/www.elplaneta.mx\/?p=380169","title":{"rendered":"Iniciar\u00e1 toque de queda en Ecuador, por una quincena desde el 15 de marzo de 2026"},"content":{"rendered":"<div class=\"wp-block-image\">\n<figure class=\"alignleft size-full\"><img loading=\"lazy\" decoding=\"async\" width=\"582\" height=\"327\" src=\"https:\/\/www.elplaneta.mx\/wp-content\/themes\/elplaneta\/FOTOS\/12E354685766.jpeg\" alt=\"\" class=\"wp-image-380170\" srcset=\"https:\/\/www.elplaneta.mx\/wp-content\/themes\/elplaneta\/FOTOS\/12E354685766.jpeg 582w, https:\/\/www.elplaneta.mx\/wp-content\/themes\/elplaneta\/FOTOS\/12E354685766-300x169.jpeg 300w\" sizes=\"auto, (max-width: 582px) 100vw, 582px\" \/><\/figure><\/div>\n\n\n<p>Quito, Ecuador, Am\u00e9rica.- Sobre el pr\u00f3ximo toque de queda en Ecuador, el ministro del Interior, Jonh Reimberg, ha urgido a la poblaci\u00f3n a quedarse en casa, porque el pa\u00eds, seg\u00fan dijo, iniciar\u00e1 una nueva fase contra las mafias del crimen organizado.<\/p>\n\n\n\n<p>La medida del toque de queda fue anunciada inicialmente a inicios de marzo por Reimberg y el propio presidente Daniel Noboa, en un intento m\u00e1s por luchar contra las bandas ligadas al narcotr\u00e1fico.<\/p>\n\n\n\n<p>Adem\u00e1s, se anunci\u00f3 en el marco del inicio de las operaciones militares y policiales que contar\u00e1n con la cooperaci\u00f3n de Estados Unidos.<\/p>\n\n\n\n<p>Pero, \u00bfqu\u00e9 se sabe sobre el toque de queda hasta ahora? Esto es lo que se ha informado hasta ahora, cuando faltan tres d\u00edas para su ejecuci\u00f3n:<\/p>\n\n\n\n<p>&nbsp;&nbsp;&nbsp; Hasta ahora, no hay un decreto ejecutivo que oficialice el toque de queda, lo cual es necesario en este tipo de medidas en Ecuador.<\/p>\n\n\n\n<p>&nbsp;&nbsp;&nbsp; Como no hay decreto oficial, solo se conoce que empezar\u00e1 el 15 de marzo y ser\u00e1 inicialmente por 15 d\u00edas, es decir, hasta la medianoche del 30 de marzo.<\/p>\n\n\n\n<p>&nbsp;&nbsp; Hay que saber que un toque de queda implica la restricci\u00f3n para salir de casa de los ciudadanos, aunque hay excepciones.<\/p>\n\n\n\n<p>&nbsp;&nbsp;&nbsp; El horario inicial anunciado es de 23:00 hasta las 05:00, y por estos 15 \u00faltimos d\u00edas de marzo.<\/p>\n\n\n\n<p>&nbsp;&nbsp;&nbsp; Pero, ser\u00e1 un toque de queda focalizado en cuatro provincias: Guayas, Los R\u00edos, Santo Domingo de los Ts\u00e1chilas y El Oro.<\/p>\n\n\n\n<p>&nbsp;&nbsp;&nbsp; Estas provincias fueron escogidas para la medida por su alto nivel de criminalidad, pero el ministro Reimberg se\u00f1al\u00f3 que esto no significa que otras provincias, como Manab\u00ed, sean incluidas m\u00e1s adelante.<\/p>\n\n\n\n<p>&nbsp;&nbsp;&nbsp; Tras el anuncio de las acciones militares y policiales en el toque de queda, la Embajada estadounidense en Ecuador recomend\u00f3 \u00abprecauci\u00f3n\u00bb a los ciudadanos que viajen o residan en el pa\u00eds, debido a las intervenciones o disturbios que puedan ocurrir durante la medida.<\/p>\n\n\n\n<p>Gremios productivos piden claridad<\/p>\n\n\n\n<p>Por lo general, durante un toque de queda hay excepciones de circulaci\u00f3n, como al personal de actividades esenciales, de salud y productivas.<\/p>\n\n\n\n<p>Tambi\u00e9n es com\u00fan permitir que las personas, que tengan vuelos o viajes, puedan desplazarse a los aeropuertos, siempre que tengan sus documentos que prueben el traslado.<\/p>\n\n\n\n<p>Para el resto de ciudadanos, la violaci\u00f3n del toque de queda implica una pena de uno a tres a\u00f1os en c\u00e1rcel.<\/p>\n\n\n\n<p>En ese sentido, el Comit\u00e9 Empresarial ecuatoriano urgi\u00f3 al Ministerio de Producci\u00f3n conocer los lineamientos de la operaci\u00f3n prevista para el 15 de marzo.<\/p>\n\n\n\n<p>\u00abEsto permitir\u00e1 a las empresas tener claridad, ajustar de manera oportuna sus procesos productivos y log\u00edsticos, sobre todo aquellos sectores que exportan y los que operan en jornadas de 24 horas o nocturnas\u00bb, indic\u00f3 el comunicado del Comit\u00e9 Empresarial.<\/p>\n\n\n\n<p>Algo similar se\u00f1al\u00f3 el gremio camaronero, cuyo directivo Jos\u00e9 Antonio Camposano, expres\u00f3 en su cuenta personal de X: \u00abComo sector exportador hemos enviado una comunicaci\u00f3n al ministro del Interior solicitando que, ante un eventual toque de queda, se mantengan excepciones para actividades productivas y log\u00edsticas que no pueden detenerse\u00bb.<\/p>\n","protected":false},"excerpt":{"rendered":"<p>Quito, Ecuador, Am\u00e9rica.- Sobre el pr\u00f3ximo toque de queda en Ecuador, el ministro del Interior,&#8230;<\/p>\n","protected":false},"author":1,"featured_media":380170,"comment_status":"open","ping_status":"open","sticky":false,"template":"","format":"standard","meta":{"footnotes":""},"categories":[139],"tags":[],"class_list":["post-380169","post","type-post","status-publish","format-standard","has-post-thumbnail","hentry","category-continental"],"gutentor_comment":0,"_links":{"self":[{"href":"https:\/\/www.elplaneta.mx\/index.php?rest_route=\/wp\/v2\/posts\/380169","targetHints":{"allow":["GET"]}}],"collection":[{"href":"https:\/\/www.elplaneta.mx\/index.php?rest_route=\/wp\/v2\/posts"}],"about":[{"href":"https:\/\/www.elplaneta.mx\/index.php?rest_route=\/wp\/v2\/types\/post"}],"author":[{"embeddable":true,"href":"https:\/\/www.elplaneta.mx\/index.php?rest_route=\/wp\/v2\/users\/1"}],"replies":[{"embeddable":true,"href":"https:\/\/www.elplaneta.mx\/index.php?rest_route=%2Fwp%2Fv2%2Fcomments&post=380169"}],"version-history":[{"count":1,"href":"https:\/\/www.elplaneta.mx\/index.php?rest_route=\/wp\/v2\/posts\/380169\/revisions"}],"predecessor-version":[{"id":380171,"href":"https:\/\/www.elplaneta.mx\/index.php?rest_route=\/wp\/v2\/posts\/380169\/revisions\/380171"}],"wp:featuredmedia":[{"embeddable":true,"href":"https:\/\/www.elplaneta.mx\/index.php?rest_route=\/wp\/v2\/media\/380170"}],"wp:attachment":[{"href":"https:\/\/www.elplaneta.mx\/index.php?rest_route=%2Fwp%2Fv2%2Fmedia&parent=380169"}],"wp:term":[{"taxonomy":"category","embeddable":true,"href":"https:\/\/www.elplaneta.mx\/index.php?rest_route=%2Fwp%2Fv2%2Fcategories&post=380169"},{"taxonomy":"post_tag","embeddable":true,"href":"https:\/\/www.elplaneta.mx\/index.php?rest_route=%2Fwp%2Fv2%2Ftags&post=380169"}],"curies":[{"name":"wp","href":"https:\/\/api.w.org\/{rel}","templated":true}]}}