{"id":380172,"date":"2026-03-12T08:33:49","date_gmt":"2026-03-12T14:33:49","guid":{"rendered":"https:\/\/www.elplaneta.mx\/?p=380172"},"modified":"2026-03-12T08:33:52","modified_gmt":"2026-03-12T14:33:52","slug":"muere-persona-en-hospital-del-imss-en-nuevo-laredo-por-atencion-deficiente-cndh","status":"publish","type":"post","link":"https:\/\/www.elplaneta.mx\/?p=380172","title":{"rendered":"Muere persona en Hospital del IMSS en Nuevo Laredo, por atenci\u00f3n deficiente: CNDH"},"content":{"rendered":"<div class=\"wp-block-image\">\n<figure class=\"alignleft size-full\"><img loading=\"lazy\" decoding=\"async\" width=\"503\" height=\"370\" src=\"https:\/\/www.elplaneta.mx\/wp-content\/themes\/elplaneta\/FOTOS\/12C23649578575.png\" alt=\"\" class=\"wp-image-380173\" srcset=\"https:\/\/www.elplaneta.mx\/wp-content\/themes\/elplaneta\/FOTOS\/12C23649578575.png 503w, https:\/\/www.elplaneta.mx\/wp-content\/themes\/elplaneta\/FOTOS\/12C23649578575-300x221.png 300w\" sizes=\"auto, (max-width: 503px) 100vw, 503px\" \/><figcaption class=\"wp-element-caption\">Hospital General de Zona n\u00famero 11 del Instituto Mexicano del Seguro Social en Nuevo Laredo, Tamaulipas, M\u00e9xico, Am\u00e9rica.<\/figcaption><\/figure><\/div>\n\n\n<p>Magdalena Contreras, Ciudad de M\u00e9xico, M\u00e9xico, Am\u00e9rica.- La Recomendaci\u00f3n 7\/2026, emitida por la Comisi\u00f3n Nacional de los Derechos Humanos (CNDH) al Instituto Mexicano del Seguro Social (IMSS), acredit\u00f3 que una persona mayor recibi\u00f3 atenci\u00f3n m\u00e9dica inadecuada y falleci\u00f3 en el Hospital General de Zona n\u00famero 11 (HGZ-11), de Nuevo Laredo, Tamaulipas.<\/p>\n\n\n\n<p>La Comisi\u00f3n de Derechos Humanos de Tamaulipas remiti\u00f3 a este organismo nacional una queja donde se indic\u00f3 que el 2 de diciembre de 2024 la v\u00edctima, quien presentaba padecimientos cr\u00f3nico-degenerativos, acudi\u00f3 a Urgencias del HGZ-11, por presi\u00f3n arterial alta y derrame cerebral. La persona permaneci\u00f3 internada por seis d\u00edas en espera de ser trasladada a un hospital de Tercer Nivel lo que no ocurri\u00f3, esto provoc\u00f3 su deterioro y posterior fallecimiento.<\/p>\n\n\n\n<p>La CNDH determin\u00f3 que en este caso se violentaron los derechos humanos a la protecci\u00f3n de la salud, a la vida y al trato digno en agravio la v\u00edctima; as\u00ed como al derecho a la informaci\u00f3n en materia de salud en perjuicio de seis personas m\u00e1s, ya que, por su diagn\u00f3stico, debi\u00f3 recibir atenci\u00f3n m\u00e9dica de emergencia por parte del \u00e1rea de Neurocirug\u00eda.<\/p>\n\n\n\n<p>Si bien el Hospital carec\u00eda de ese servicio, el personal m\u00e9dico y\/o administrativo omiti\u00f3 efectuar las acciones pertinentes para su traslado, de forma inmediata, a otra unidad del IMSS que contar\u00e1 con dicha especialidad o bien el proceso para que se le brindar\u00e1 atenci\u00f3n mediante un servicio subrogado, lo que condujo a su lamentable deceso; adem\u00e1s de que un m\u00e9dico tratante le prescribi\u00f3, indebidamente, tratamiento anticoagulante, sin confirmar el tipo de accidente cerebrovascular que hab\u00eda sufrido.<\/p>\n\n\n\n<p>Por lo anterior, el IMSS debe reparar integralmente el da\u00f1o a las v\u00edctimas indirectas y otorgarles, en caso de que lo requieran, atenci\u00f3n psicol\u00f3gica y\/o tanatol\u00f3gica; as\u00ed como colaborar con el tr\u00e1mite y seguimiento del Expediente Administrativo iniciado ante el \u00d3rgano Interno de Control en ese Instituto por las irregularidades cometidas por el personal de salud.<\/p>\n\n\n\n<p>Asimismo, se deber\u00e1 implementar un ciclo de formaci\u00f3n continua y de profesionalizaci\u00f3n en materia de derechos humanos que considere los principios de protecci\u00f3n de la salud, a la vida, al trato digno por la situaci\u00f3n de vulnerabilidad de personas mayores, as\u00ed como a la informaci\u00f3n en materia de salud, dirigido al personal m\u00e9dico adscrito al servicio de Urgencias del HGZ-11 y emitir una circular donde se indiquen las responsabilidades en las que pueda incurrir al no cumplir con dichas obligaciones o los procesos que la autoridad tenga para valorar su desempe\u00f1o.<\/p>\n\n\n\n<p>La Recomendaci\u00f3n 7\/2026 ya fue debidamente notificada a su destinatario y puede consultarse en <a href=\"http:\/\/www.cndh.org.mx\">www.cndh.org.mx<\/a>.<\/p>\n","protected":false},"excerpt":{"rendered":"<p>Magdalena Contreras, Ciudad de M\u00e9xico, M\u00e9xico, Am\u00e9rica.- La Recomendaci\u00f3n 7\/2026, emitida por la Comisi\u00f3n Nacional&#8230;<\/p>\n","protected":false},"author":1,"featured_media":380173,"comment_status":"open","ping_status":"open","sticky":false,"template":"","format":"standard","meta":{"footnotes":""},"categories":[130,583],"tags":[],"class_list":["post-380172","post","type-post","status-publish","format-standard","has-post-thumbnail","hentry","category-nacional","category-principales"],"gutentor_comment":0,"_links":{"self":[{"href":"https:\/\/www.elplaneta.mx\/index.php?rest_route=\/wp\/v2\/posts\/380172","targetHints":{"allow":["GET"]}}],"collection":[{"href":"https:\/\/www.elplaneta.mx\/index.php?rest_route=\/wp\/v2\/posts"}],"about":[{"href":"https:\/\/www.elplaneta.mx\/index.php?rest_route=\/wp\/v2\/types\/post"}],"author":[{"embeddable":true,"href":"https:\/\/www.elplaneta.mx\/index.php?rest_route=\/wp\/v2\/users\/1"}],"replies":[{"embeddable":true,"href":"https:\/\/www.elplaneta.mx\/index.php?rest_route=%2Fwp%2Fv2%2Fcomments&post=380172"}],"version-history":[{"count":1,"href":"https:\/\/www.elplaneta.mx\/index.php?rest_route=\/wp\/v2\/posts\/380172\/revisions"}],"predecessor-version":[{"id":380174,"href":"https:\/\/www.elplaneta.mx\/index.php?rest_route=\/wp\/v2\/posts\/380172\/revisions\/380174"}],"wp:featuredmedia":[{"embeddable":true,"href":"https:\/\/www.elplaneta.mx\/index.php?rest_route=\/wp\/v2\/media\/380173"}],"wp:attachment":[{"href":"https:\/\/www.elplaneta.mx\/index.php?rest_route=%2Fwp%2Fv2%2Fmedia&parent=380172"}],"wp:term":[{"taxonomy":"category","embeddable":true,"href":"https:\/\/www.elplaneta.mx\/index.php?rest_route=%2Fwp%2Fv2%2Fcategories&post=380172"},{"taxonomy":"post_tag","embeddable":true,"href":"https:\/\/www.elplaneta.mx\/index.php?rest_route=%2Fwp%2Fv2%2Ftags&post=380172"}],"curies":[{"name":"wp","href":"https:\/\/api.w.org\/{rel}","templated":true}]}}