{"id":380203,"date":"2026-03-13T11:39:09","date_gmt":"2026-03-13T17:39:09","guid":{"rendered":"https:\/\/www.elplaneta.mx\/?p=380203"},"modified":"2026-03-13T11:39:15","modified_gmt":"2026-03-13T17:39:15","slug":"victoria-pirrica-de-la-oposicion","status":"publish","type":"post","link":"https:\/\/www.elplaneta.mx\/?p=380203","title":{"rendered":"Victoria p\u00edrrica de la oposici\u00f3n"},"content":{"rendered":"\n<p>Por: Alejandro Govea Torres<\/p>\n\n\n\n<p>&nbsp;&nbsp;&nbsp;&nbsp;&nbsp;&nbsp;&nbsp;&nbsp; Francamente no hay nada que celebrar que el pleno de la C\u00e1mara de Diputados haya desechado ayer la iniciativa de reforma electoral de la presidenta Claudia Sheinbaum Pardo, ya que se trata de una victoria p\u00edrrica de la oposici\u00f3n porque los cambios se dar\u00e1 en las leyes secundarias, tal y como estaba planteado desde un principio en el denominado \u201cPlan B\u201d cuando legisladores del Partido de Trabajo (PT) y del Partido Verde Ecologista Mexicano (PVEM) anunciaron que no votar\u00edan a favor para que impedir que se tuviera la mayor\u00eda calificada y lograr la reforma constitucional.<\/p>\n\n\n\n<p>&nbsp;&nbsp;&nbsp;&nbsp;&nbsp;&nbsp;&nbsp;&nbsp; El \u201cPlan B\u201d de la reforma electoral buscar\u00e1 eliminar el fuero a gobernadores, legisladores tanto federales como locales y alcaldes, as\u00ed como tambi\u00e9n cambiar la estructura del Instituto Nacional Electoral (INE) y reducir el gasto en las elecciones, seg\u00fan dio a conocer el coordinador de la fracci\u00f3n de Morena en la C\u00e1mara de Diputados, Ricardo Monreal \u00c1vila.<\/p>\n\n\n\n<p>&nbsp;&nbsp;&nbsp;&nbsp;&nbsp;&nbsp;&nbsp;&nbsp; Con respecto a la eliminaci\u00f3n del fuero constitucional a los legisladores, ya existe una propuesta del diputado Alfonso Ram\u00edrez Cuellar de Morena que podr\u00eda ser tomada en cuenta para realizar los cambios necesarios en las leyes secundarias, sobre todo ahora que se logr\u00f3 la captura el alcalde morenista Diego Rivera Navarro de Tequila, Jalisco.<\/p>\n\n\n\n<p>&nbsp;&nbsp;&nbsp;&nbsp;&nbsp;&nbsp;&nbsp;&nbsp; Como se recordar\u00e1, Rivera Navarro, fue detenido a principios de febrero por presuntos actos de extorsi\u00f3n denunciados por empresarios de Tequila, Jalisco, adem\u00e1s de tener supuestos nexos con el C\u00e1rtel Jalisco Nueva Generaci\u00f3n (CJNG), por lo que de nada le vali\u00f3 el fuero que ten\u00eda como alcalde.<\/p>\n\n\n\n<p>&nbsp;&nbsp;&nbsp;&nbsp;&nbsp;&nbsp;&nbsp;&nbsp; Y aunque la propuesta de cambiar la estructura del INE a trav\u00e9s de la desaparici\u00f3n de los Organismos P\u00fablicos Locales Electorales (Ople\u00b4s), ha propiciado fuertes debates porque desde su creaci\u00f3n de han llevado a cabo procesos electorales sin mayores problemas en todo el pa\u00eds.<\/p>\n\n\n\n<p>&nbsp;&nbsp;&nbsp;&nbsp;&nbsp;&nbsp;&nbsp;&nbsp; Algunos analistas pol\u00edticos creen que permanecer\u00e1n las Ople\u00b4s para dar certeza a los procesos electorales, sobre todo si se tienen ahorros en caso de que se reduzcan las prerrogativas a los partidos pol\u00edticos, cuyo tema todav\u00eda sigue causando pol\u00e9mica.<\/p>\n\n\n\n<p>&nbsp;&nbsp;&nbsp;&nbsp;&nbsp;&nbsp;&nbsp;&nbsp; A prop\u00f3sito, el presidente del Consejo General del Instituto Electoral de Tamaulipas (Ietam), Juan Jos\u00e9 Ramos Charre, se\u00f1al\u00f3 recientemente que la reforma electoral dej\u00f3 un vac\u00edo legal importante porque no contempla la cancelaci\u00f3n de las candidaturas en caso de que se detecte un financiamiento ilegal en las campa\u00f1as pol\u00edticas.<\/p>\n\n\n\n<p>&nbsp;&nbsp;&nbsp;&nbsp;&nbsp;&nbsp;&nbsp;&nbsp; Tal vez, habr\u00e1 enmiendas en las leyes secundarias para evitar omisiones en la vigilancia financiera de los procesos electorales, especialmente ahora que est\u00e1 en marcha la llamada \u201cOperaci\u00f3n Enjambre\u201d que ha logrado detectar il\u00edcitos en varios municipios, principalmente en el Estado de M\u00e9xico y Jalisco.<\/p>\n\n\n\n<p>&nbsp;&nbsp;&nbsp;&nbsp;&nbsp;&nbsp;&nbsp;&nbsp; Por otra parte, pero sin dejar el tema de la reforma electoral de la presidenta Sheinbaum Pardo, no debemos olvidar que llegan nuevos partidos pol\u00edticos para las elecciones intermedias del 2027, como es el caso de Somos M\u00e9xico (SM) que logr\u00f3 obtener su registro como partido luego de cumplir con todos y cada uno de los requisitos que marca el C\u00f3digo Federal de Instituciones y Procedimientos Electorales (Cofipe).<\/p>\n\n\n\n<p>&nbsp;&nbsp;&nbsp;&nbsp;&nbsp;&nbsp;&nbsp;&nbsp; En otro tema, vaya esc\u00e1ndalo que ha causado la decisi\u00f3n de la presidenta de la Sala Regional del Tribunal Electoral Federal (Trife) en Guadalajara, Jalisco, Rebeca Barrera Amador, puesto que orden\u00f3 se proceda en contra de dos personas que tuvieron una conversaci\u00f3n privada por WhatsApp, en donde hablaron mal de una funcionaria de Sinaloa.<\/p>\n\n\n\n<p>&nbsp;&nbsp;&nbsp;&nbsp;&nbsp;&nbsp;&nbsp;&nbsp; La magistrada Barrera Amador no tom\u00f3 en cuenta que el Tribunal Electoral del Estado de Sinaloa hab\u00eda desechado la demanda que interpuso la funcionaria porque se trat\u00f3 de una conversaci\u00f3n privada entre personas que nada tiene que ver con la pol\u00edtica y orden\u00f3 que se procediera en contra de ellas porque supuestamente cometieron violencia pol\u00edtica de g\u00e9nero.<\/p>\n\n\n\n<p>&nbsp;&nbsp;&nbsp;&nbsp;&nbsp;&nbsp;&nbsp;&nbsp; La evidencia que present\u00f3 la funcionaria fueron los mensajes que aparecieron en la pantalla de la conversaci\u00f3n a trav\u00e9s de WhatsApp, pero se le olvid\u00f3 que se trat\u00f3 de una conversaci\u00f3n privada.<\/p>\n\n\n\n<p>&nbsp;&nbsp;&nbsp;&nbsp;&nbsp;&nbsp;&nbsp;&nbsp; La decisi\u00f3n de la magistrada Barrera Amador marca un mal antecedente porque ahora debe uno cuidar los mensajes que se env\u00edan a trav\u00e9s de las redes sociales, dejando a un lado la libertad de expresi\u00f3n marcada en la constituci\u00f3n.<\/p>\n\n\n\n<p>Correo electr\u00f3nico: jagovea_53@yahoo.com<\/p>\n","protected":false},"excerpt":{"rendered":"<p>Por: Alejandro Govea Torres &nbsp;&nbsp;&nbsp;&nbsp;&nbsp;&nbsp;&nbsp;&nbsp; Francamente no hay nada que celebrar que el pleno de&#8230;<\/p>\n","protected":false},"author":1,"featured_media":0,"comment_status":"open","ping_status":"open","sticky":false,"template":"","format":"standard","meta":{"footnotes":""},"categories":[5],"tags":[],"class_list":["post-380203","post","type-post","status-publish","format-standard","hentry","category-opinion"],"gutentor_comment":0,"_links":{"self":[{"href":"https:\/\/www.elplaneta.mx\/index.php?rest_route=\/wp\/v2\/posts\/380203","targetHints":{"allow":["GET"]}}],"collection":[{"href":"https:\/\/www.elplaneta.mx\/index.php?rest_route=\/wp\/v2\/posts"}],"about":[{"href":"https:\/\/www.elplaneta.mx\/index.php?rest_route=\/wp\/v2\/types\/post"}],"author":[{"embeddable":true,"href":"https:\/\/www.elplaneta.mx\/index.php?rest_route=\/wp\/v2\/users\/1"}],"replies":[{"embeddable":true,"href":"https:\/\/www.elplaneta.mx\/index.php?rest_route=%2Fwp%2Fv2%2Fcomments&post=380203"}],"version-history":[{"count":1,"href":"https:\/\/www.elplaneta.mx\/index.php?rest_route=\/wp\/v2\/posts\/380203\/revisions"}],"predecessor-version":[{"id":380204,"href":"https:\/\/www.elplaneta.mx\/index.php?rest_route=\/wp\/v2\/posts\/380203\/revisions\/380204"}],"wp:attachment":[{"href":"https:\/\/www.elplaneta.mx\/index.php?rest_route=%2Fwp%2Fv2%2Fmedia&parent=380203"}],"wp:term":[{"taxonomy":"category","embeddable":true,"href":"https:\/\/www.elplaneta.mx\/index.php?rest_route=%2Fwp%2Fv2%2Fcategories&post=380203"},{"taxonomy":"post_tag","embeddable":true,"href":"https:\/\/www.elplaneta.mx\/index.php?rest_route=%2Fwp%2Fv2%2Ftags&post=380203"}],"curies":[{"name":"wp","href":"https:\/\/api.w.org\/{rel}","templated":true}]}}