{"id":380208,"date":"2026-03-13T12:04:11","date_gmt":"2026-03-13T18:04:11","guid":{"rendered":"https:\/\/www.elplaneta.mx\/?p=380208"},"modified":"2026-03-13T12:04:14","modified_gmt":"2026-03-13T18:04:14","slug":"uanleer-2026-tres-decadas-de-legado-literario-y-cultura-universitaria","status":"publish","type":"post","link":"https:\/\/www.elplaneta.mx\/?p=380208","title":{"rendered":"UANLeer 2026: Tres d\u00e9cadas de legado literario y cultura universitaria"},"content":{"rendered":"<div class=\"wp-block-image\">\n<figure class=\"alignleft size-full\"><img loading=\"lazy\" decoding=\"async\" width=\"618\" height=\"378\" src=\"https:\/\/www.elplaneta.mx\/wp-content\/themes\/elplaneta\/FOTOS\/13N36346847556.jpg\" alt=\"\" class=\"wp-image-380209\" srcset=\"https:\/\/www.elplaneta.mx\/wp-content\/themes\/elplaneta\/FOTOS\/13N36346847556.jpg 618w, https:\/\/www.elplaneta.mx\/wp-content\/themes\/elplaneta\/FOTOS\/13N36346847556-300x183.jpg 300w\" sizes=\"auto, (max-width: 618px) 100vw, 618px\" \/><\/figure><\/div>\n\n\n<p>Monterrey, Nuevo Le\u00f3n, M\u00e9xico, Am\u00e9rica.- La m\u00e1xima fiesta de las letras, la Feria Universitaria del Libro UANLeer 2026 iniciar\u00e1 actividades del 11 al 15 de marzo en el Colegio Civil Centro Cultural Universitario. Este encuentro celebra 30 a\u00f1os de legado literario bajo el lema \u201cDe la Universidad a sus Lectores\u201d.<\/p>\n\n\n\n<p>La feria destaca este a\u00f1o el aniversario de su Editorial Universitaria, que funge como la Invitada de Honor, celebrando su institucionalizaci\u00f3n iniciada en 1996. Por este motivo, la Secretar\u00eda de Extensi\u00f3n y Cultura de la UANL coordin\u00f3 los esfuerzos para ofrecer un espacio de di\u00e1logo abierto a toda la sociedad nuevoleonesa.<\/p>\n\n\n\n<p>Durante tres d\u00e9cadas, la Editorial Universitaria se ha consolidado como un referente en la difusi\u00f3n, promoci\u00f3n y producci\u00f3n editorial de gran nivel.<\/p>\n\n\n\n<p>Como Editorial Invitada participar\u00e1 el sello Mantis Editores, el cual tambi\u00e9n cumple sus 30 a\u00f1os de fundaci\u00f3n en Guadalajara, Jalisco. Su director, el poeta Luis Armenta Malpica, recibir\u00e1 el Reconocimiento al M\u00e9rito Editorial 2026 por su destacada trayectoria.<\/p>\n\n\n\n<p>Para compartir los detalles del evento, el Secretario de Extensi\u00f3n y Cultura UANL, Jos\u00e9 Javier Villarreal, destac\u00f3 que la feria es un esfuerzo en el que confluyen todas las voluntades de la comunidad universitaria, tanto estudiantes como docentes, as\u00ed como la producci\u00f3n editorial de las escuelas y facultades.<\/p>\n\n\n\n<p>La cita para este encuentro l\u00edrico es el viernes 13 de marzo a las 17:00 horas en Aula Magna \u201cFray Servando Teresa de Mier\u201d del Colegio Civil. Como es tradici\u00f3n, los asistentes recibir\u00e1n un ejemplar conmemorativo editado por la UANL al ingresar al recinto universitario.<\/p>\n\n\n\n<p>\u201cLa UANLeer se caracteriza por su esencia universitaria y su misi\u00f3n de potenciar la formaci\u00f3n integral del estudiante con base en una concepci\u00f3n humanista de la educaci\u00f3n como un derecho.<\/p>\n\n\n\n<p>\u201cComo es una tradici\u00f3n viva, contamos con el apoyo entusiasta de los estudiantes voluntarios que colaboran en diferentes labores cooperativas de los eventos de la UANLeer 2026.<\/p>\n\n\n\n<p>\u201cLa participaci\u00f3n de las escuelas preparatorias y facultades de nuestra Universidad, a trav\u00e9s de las presentaciones de sus obras interiores y las intervenciones de sus maestros y alumnos, es fundamental para el desarrollo de la Feria\u201d, se\u00f1al\u00f3 Villarreal.<\/p>\n\n\n\n<p>El acto inaugural ser\u00e1 presidido por el Rector de la UANL, Santos Guzm\u00e1n L\u00f3pez, el mi\u00e9rcoles 11 de marzo. La ceremonia de apertura tendr\u00e1 lugar a las 12:00 horas en la emblem\u00e1tica Aula Magna Fray Servando Teresa de Mier.<\/p>\n\n\n\n<p>Dentro de las distinciones, se entregar\u00e1 el Reconocimiento Editorial Universitaria a la Promoci\u00f3n de la Lectura a Rosa Martha S\u00e1nchez Rodr\u00edguez, narradora oral, fundadora del festival Hablapalabra y l\u00edder de la agrupaci\u00f3n Tejedoras de Im\u00e1genes.<\/p>\n\n\n\n<p>La Editorial Universitaria exhibir\u00e1 un cat\u00e1logo que ha sido premiado en la Feria de Bolonia y en cert\u00e1menes de Espa\u00f1a recientemente. Sus g\u00e9neros abarcan poes\u00eda, ensayo, teatro, m\u00fasica y periodismo, incluyendo la hist\u00f3rica revista Armas y Letras, orgullo de la instituci\u00f3n.<\/p>\n\n\n\n<p>Para profundizar en su historia, se presentar\u00e1 el libro titulado El desarrollo editorial de la UANL. Repaso de su historia. Escrito por Ernesto Castillo, este volumen ofrece una mirada detallada sobre el crecimiento de la producci\u00f3n literaria en la universidad.<\/p>\n\n\n\n<p>Gala Po\u00e9tica y diversidad de voces internacionales<\/p>\n\n\n\n<p>El programa general ofrece m\u00e1s de 220 actividades y la presencia de 60 sellos editoriales con reconocimiento nacional e internacional. Entre ellos destacan el Fondo de Cultura Econ\u00f3mica, Alfaguara, la UNAM, Editorial Era, Vaso Roto y Random House.<\/p>\n\n\n\n<p>La Gala Po\u00e9tica UANL se ha convertido en un evento emblem\u00e1tico que re\u00fane a seis voces de gran relevancia internacional. En esta ocasi\u00f3n participar\u00e1n Francisco Hern\u00e1ndez, Jeannette L. Clariond, Eduardo Mil\u00e1n, Mihaela Moscaliuc, Reina Mar\u00eda Rodr\u00edguez y Michael Waters.<\/p>\n\n\n\n<p>Autores como Alberto Chimal, \u00c9lmer Mendoza, Socorro Venegas y Dante Navarro participar\u00e1n en diversas mesas de di\u00e1logo y presentaciones. La feria tambi\u00e9n celebrar\u00e1 los 20 a\u00f1os de Posdata Ediciones y las dos d\u00e9cadas de labor del Fondo Editorial Nuevo Le\u00f3n.<\/p>\n\n\n\n<p>Cine, m\u00fasica y expresiones culturales multidisciplinarias<\/p>\n\n\n\n<p>La oferta cultural trasciende las letras con ciclos como Cinema F\u00f3sforo, que presentar\u00e1 pel\u00edculas como La ladrona de libros. Tambi\u00e9n se proyectar\u00e1 la cinta mexicana Nada que ver, de Kenya M\u00e1rquez, en colaboraci\u00f3n con el Festival de Cine Latinoamericano Ternium.<\/p>\n\n\n\n<p>UANLeer 2026: Tres d\u00e9cadas de legado literario y cultura universitaria<\/p>\n\n\n\n<p>En el \u00e1mbito de las artes visuales, se exhibir\u00e1 la muestra Paisajes compartidos del artista David de la Cruz en la Sala de Exposiciones Temporales. Esta exposici\u00f3n permanecer\u00e1 abierta hasta el 31 de mayo para el disfrute de los visitantes.<\/p>\n\n\n\n<p>Para los amantes de la m\u00fasica, la Big Band de la UANL ofrecer\u00e1 un concierto gratuito titulado Del danz\u00f3n a la salsa. Bajo la direcci\u00f3n de Arturo \u00c1vila, la agrupaci\u00f3n cerrar\u00e1 las actividades el domingo 15 de marzo a las 20:00 h.<\/p>\n\n\n\n<p>Adem\u00e1s del programa literario, se realizar\u00e1n las Jornadas de Revistas Acad\u00e9micas y el Encuentro Internacional de Poes\u00eda \u201cEl oro de los tigres\u201d. Estas actividades buscan fortalecer el v\u00ednculo entre la investigaci\u00f3n acad\u00e9mica y la creaci\u00f3n art\u00edstica dentro de la feria.<\/p>\n\n\n\n<p>Vinculaci\u00f3n con la comunidad y redes acad\u00e9micas<\/p>\n\n\n\n<p>UANLeer 2026 es un espacio de di\u00e1logo abierto para las preparatorias, facultades y diversos centros de investigaci\u00f3n de la Universidad. Escuelas como la Preparatoria 7 y la Facultad de Filosof\u00eda y Letras dar\u00e1n a conocer sus novedades editoriales.<\/p>\n\n\n\n<p>Centros de investigaci\u00f3n como la Capilla Alfonsina y la Biblioteca Universitaria \u201cRa\u00fal Rangel Fr\u00edas\u201d tambi\u00e9n tendr\u00e1n una participaci\u00f3n muy activa. El objetivo es que la comunidad universitaria y la sociedad en general reflexionen en torno al libro y la cultura.<\/p>\n\n\n\n<p>La feria integra tambi\u00e9n la celebraci\u00f3n del 30 aniversario del Consejo para la Cultura y las Artes de Nuevo Le\u00f3n. Esta colaboraci\u00f3n entre instituciones culturales es uno de los ejes fundamentales para el \u00e9xito de la edici\u00f3n de este a\u00f1o.<\/p>\n\n\n\n<p>El programa completo se encuentra disponible para consulta en el sitio oficial uanleer.uanl.mx y en sus redes sociales institucionales. Todas las actividades son sin costo, reafirmando el compromiso de la Universidad Aut\u00f3noma de Nuevo Le\u00f3n con el acceso a la cultura.<\/p>\n\n\n\n<p>Recibir\u00e1 UANLeer 2024 a lectores en Colegio Civil<\/p>\n\n\n\n<p>El cat\u00e1logo de la Editorial Universitaria ha sido reconocido con premios como la Selecci\u00f3n de Ilustraci\u00f3n en la Feria del Libro de Bolonia (2024); el XXVII Premio Nacional de Edici\u00f3n Universitaria (Espa\u00f1a, 2024) a la Mejor coedici\u00f3n iberoamericana; los Premios CANIEM al Arte Editorial (2024), en las categor\u00edas de publicaciones peri\u00f3dicas infantiles y libros de arte-ensayos. Y el reconocimiento recibido en la Universidad de Huelva, Espa\u00f1a, por la calidad de sus publicaciones (2024).<\/p>\n","protected":false},"excerpt":{"rendered":"<p>Monterrey, Nuevo Le\u00f3n, M\u00e9xico, Am\u00e9rica.- La m\u00e1xima fiesta de las letras, la Feria Universitaria del&#8230;<\/p>\n","protected":false},"author":1,"featured_media":380209,"comment_status":"open","ping_status":"open","sticky":false,"template":"","format":"standard","meta":{"footnotes":""},"categories":[151],"tags":[],"class_list":["post-380208","post","type-post","status-publish","format-standard","has-post-thumbnail","hentry","category-espectaculos"],"gutentor_comment":0,"_links":{"self":[{"href":"https:\/\/www.elplaneta.mx\/index.php?rest_route=\/wp\/v2\/posts\/380208","targetHints":{"allow":["GET"]}}],"collection":[{"href":"https:\/\/www.elplaneta.mx\/index.php?rest_route=\/wp\/v2\/posts"}],"about":[{"href":"https:\/\/www.elplaneta.mx\/index.php?rest_route=\/wp\/v2\/types\/post"}],"author":[{"embeddable":true,"href":"https:\/\/www.elplaneta.mx\/index.php?rest_route=\/wp\/v2\/users\/1"}],"replies":[{"embeddable":true,"href":"https:\/\/www.elplaneta.mx\/index.php?rest_route=%2Fwp%2Fv2%2Fcomments&post=380208"}],"version-history":[{"count":1,"href":"https:\/\/www.elplaneta.mx\/index.php?rest_route=\/wp\/v2\/posts\/380208\/revisions"}],"predecessor-version":[{"id":380210,"href":"https:\/\/www.elplaneta.mx\/index.php?rest_route=\/wp\/v2\/posts\/380208\/revisions\/380210"}],"wp:featuredmedia":[{"embeddable":true,"href":"https:\/\/www.elplaneta.mx\/index.php?rest_route=\/wp\/v2\/media\/380209"}],"wp:attachment":[{"href":"https:\/\/www.elplaneta.mx\/index.php?rest_route=%2Fwp%2Fv2%2Fmedia&parent=380208"}],"wp:term":[{"taxonomy":"category","embeddable":true,"href":"https:\/\/www.elplaneta.mx\/index.php?rest_route=%2Fwp%2Fv2%2Fcategories&post=380208"},{"taxonomy":"post_tag","embeddable":true,"href":"https:\/\/www.elplaneta.mx\/index.php?rest_route=%2Fwp%2Fv2%2Ftags&post=380208"}],"curies":[{"name":"wp","href":"https:\/\/api.w.org\/{rel}","templated":true}]}}