{"id":380220,"date":"2026-03-13T13:18:11","date_gmt":"2026-03-13T19:18:11","guid":{"rendered":"https:\/\/www.elplaneta.mx\/?p=380220"},"modified":"2026-03-13T13:26:16","modified_gmt":"2026-03-13T19:26:16","slug":"el-pri-condena-asesinato-de-claudia-ivett-rodriguez-en-costa-chica-de-guerrero","status":"publish","type":"post","link":"https:\/\/www.elplaneta.mx\/?p=380220","title":{"rendered":"El PRI condena asesinato de Claudia Ivett Rodr\u00edguez en Costa Chica de Guerrero"},"content":{"rendered":"<div class=\"wp-block-image\">\n<figure class=\"alignleft size-full\"><img loading=\"lazy\" decoding=\"async\" width=\"487\" height=\"324\" src=\"https:\/\/www.elplaneta.mx\/wp-content\/themes\/elplaneta\/FOTOS\/13G34953757546755.jpg\" alt=\"\" class=\"wp-image-380221\" srcset=\"https:\/\/www.elplaneta.mx\/wp-content\/themes\/elplaneta\/FOTOS\/13G34953757546755.jpg 487w, https:\/\/www.elplaneta.mx\/wp-content\/themes\/elplaneta\/FOTOS\/13G34953757546755-300x200.jpg 300w\" sizes=\"auto, (max-width: 487px) 100vw, 487px\" \/><\/figure><\/div>\n\n\n<p>Chilpancingo, Guerrero, M\u00e9xico, Am\u00e9rica.- La l\u00edder del opositor Partido Revolucionario Institucional (PRI) en la regi\u00f3n de Costa Chica, en el estado mexicano de Guerrero, Claudia Ivett Rodr\u00edguez, muri\u00f3 tras un ataque armado, confirmaron este jueves el coordinador del partido en el Senado, Manuel A\u00f1orve, y el comit\u00e9 de direcci\u00f3n estatal del PRI.<\/p>\n\n\n\n<p>Condena y exigencia de justicia por parte del PRI<\/p>\n\n\n\n<p>A trav\u00e9s de sus redes sociales, el pol\u00edtico conden\u00f3 el \u00abcobarde asesinato\u00bb de su compa\u00f1era y expres\u00f3 su solidaridad con su familia y allegados tras el tr\u00e1gico suceso.<\/p>\n\n\n\n<p>&nbsp;&nbsp;&nbsp; \u00abExigimos a las autoridades una investigaci\u00f3n a fondo y resultados inmediatos. Este crimen no puede quedar impune. \u00a1Exigimos justicia!\u00bb, dijo en una publicaci\u00f3n en X.<\/p>\n\n\n\n<p>Detalles del ataque y respuesta de autoridades<\/p>\n\n\n\n<p>La l\u00edder local del PRI, quien tambi\u00e9n fue comisaria en la comunidad de Milpillas, fue asesinada en un ataque armado la noche del mi\u00e9rcoles, mientras se encontraba trabajando en su tienda de barrio, seg\u00fan avanzaron medios locales.<\/p>\n\n\n\n<p>De acuerdo a los primeros reportes, varios individuos llegaron al establecimiento y dispararon contra la pol\u00edtica antes de huir del lugar.<\/p>\n\n\n\n<p>Por el momento, las autoridades no se han pronunciado sobre este asesinato, si bien funcionarios de la Fiscal\u00eda estatal acudieron al lugar del crimen para efectuar el levantamiento de cad\u00e1ver e iniciar la investigaci\u00f3n, seg\u00fan medios locales.<\/p>\n\n\n\n<p>Tampoco ha trascendido la identidad de los autores ni el m\u00f3vil del crimen.<\/p>\n","protected":false},"excerpt":{"rendered":"<p>Chilpancingo, Guerrero, M\u00e9xico, Am\u00e9rica.- La l\u00edder del opositor Partido Revolucionario Institucional (PRI) en la regi\u00f3n&#8230;<\/p>\n","protected":false},"author":1,"featured_media":380221,"comment_status":"open","ping_status":"open","sticky":false,"template":"","format":"standard","meta":{"footnotes":""},"categories":[130],"tags":[],"class_list":["post-380220","post","type-post","status-publish","format-standard","has-post-thumbnail","hentry","category-nacional"],"gutentor_comment":0,"_links":{"self":[{"href":"https:\/\/www.elplaneta.mx\/index.php?rest_route=\/wp\/v2\/posts\/380220","targetHints":{"allow":["GET"]}}],"collection":[{"href":"https:\/\/www.elplaneta.mx\/index.php?rest_route=\/wp\/v2\/posts"}],"about":[{"href":"https:\/\/www.elplaneta.mx\/index.php?rest_route=\/wp\/v2\/types\/post"}],"author":[{"embeddable":true,"href":"https:\/\/www.elplaneta.mx\/index.php?rest_route=\/wp\/v2\/users\/1"}],"replies":[{"embeddable":true,"href":"https:\/\/www.elplaneta.mx\/index.php?rest_route=%2Fwp%2Fv2%2Fcomments&post=380220"}],"version-history":[{"count":1,"href":"https:\/\/www.elplaneta.mx\/index.php?rest_route=\/wp\/v2\/posts\/380220\/revisions"}],"predecessor-version":[{"id":380222,"href":"https:\/\/www.elplaneta.mx\/index.php?rest_route=\/wp\/v2\/posts\/380220\/revisions\/380222"}],"wp:featuredmedia":[{"embeddable":true,"href":"https:\/\/www.elplaneta.mx\/index.php?rest_route=\/wp\/v2\/media\/380221"}],"wp:attachment":[{"href":"https:\/\/www.elplaneta.mx\/index.php?rest_route=%2Fwp%2Fv2%2Fmedia&parent=380220"}],"wp:term":[{"taxonomy":"category","embeddable":true,"href":"https:\/\/www.elplaneta.mx\/index.php?rest_route=%2Fwp%2Fv2%2Fcategories&post=380220"},{"taxonomy":"post_tag","embeddable":true,"href":"https:\/\/www.elplaneta.mx\/index.php?rest_route=%2Fwp%2Fv2%2Ftags&post=380220"}],"curies":[{"name":"wp","href":"https:\/\/api.w.org\/{rel}","templated":true}]}}