{"id":380223,"date":"2026-03-13T13:22:31","date_gmt":"2026-03-13T19:22:31","guid":{"rendered":"https:\/\/www.elplaneta.mx\/?p=380223"},"modified":"2026-03-13T13:22:36","modified_gmt":"2026-03-13T19:22:36","slug":"protestan-en-la-secretaria-de-educacion-de-acapulco-guerrero-por-retraso-de-quincena","status":"publish","type":"post","link":"https:\/\/www.elplaneta.mx\/?p=380223","title":{"rendered":"Protestan en la secretar\u00eda de Educaci\u00f3n de Acapulco, Guerrero, por retraso de quincena \u00a0"},"content":{"rendered":"<div class=\"wp-block-image\">\n<figure class=\"alignleft size-full\"><img loading=\"lazy\" decoding=\"async\" width=\"561\" height=\"325\" src=\"https:\/\/www.elplaneta.mx\/wp-content\/themes\/elplaneta\/FOTOS\/13G3634567465.jpg\" alt=\"\" class=\"wp-image-380224\" srcset=\"https:\/\/www.elplaneta.mx\/wp-content\/themes\/elplaneta\/FOTOS\/13G3634567465.jpg 561w, https:\/\/www.elplaneta.mx\/wp-content\/themes\/elplaneta\/FOTOS\/13G3634567465-300x174.jpg 300w\" sizes=\"auto, (max-width: 561px) 100vw, 561px\" \/><\/figure><\/div>\n\n\n<p>Chilpancingo, Guerrero, M\u00e9xico, Am\u00e9rica.- Personal docente y administrativo de la Secretar\u00eda de Educaci\u00f3n Guerrero tom\u00f3 la ma\u00f1ana del jueves las oficinas de la Administraci\u00f3n Fiscal Estatal n\u00famero uno, de la Secretar\u00eda de Finanzas y Administraci\u00f3n estatal, en la colonia Costa Azul de Acapulco.<\/p>\n\n\n\n<p>Las oficinas fueron cerradas desde alrededor de las 8:30 horas, ante la inconformidad de trabajadores del sector educativo, por el retraso del pago de las quincenas, tanto a personal que recientemente fue incorporado a la n\u00f3mina federal, a trav\u00e9s del Fondo de Aportaciones para la N\u00f3mina Educativa y Gasto Operativo (Fone), como a aquellos trabajadores que no han sido incorporados al presupuesto federal (No Fone).<\/p>\n\n\n\n<p>Son afectados por estos retrasos unos 2 mil 500 trabajadores en la entidad.<\/p>\n\n\n\n<p>Dirigentes explicaron que la propia autoridad ha incumplido los plazos de pago a los trabajadores.<\/p>\n\n\n\n<p>Al sitio acudi\u00f3 personal de Gobernaci\u00f3n estatal, que prometi\u00f3 a los inconformes que durante la ma\u00f1ana ser\u00edan depositados ya los adeudos.<\/p>\n\n\n\n<p>Pero como no les cumplieron, los manifestantes bloquearon la avenida Costera Miguel Alem\u00e1n a la altura de Finanzas, como medida de protesta, durante aproximadamente dos horas.<\/p>\n\n\n\n<p>Andr\u00e9s Aguilar, trabajador administrativo, expres\u00f3 que nuevamente hubo incumplimiento en el pago de los trabajadores administrativos, quienes fueron incorporados a la n\u00f3mina federal recientemente, a quienes se les adeudan dos quincenas de enero, adem\u00e1s del pago de la compensaci\u00f3n&nbsp; nacional \u00fanica.<\/p>\n\n\n\n<p>\u00abHemos tenido mesas de trabajo, di\u00e1logo con las autoridades a nivel estatal y federal, hemos llegado a acuerdos, ha habido promesas, pero siguen incumpliendo\u00bb, lament\u00f3.<\/p>\n\n\n\n<p>Andr\u00e9s Aguilar agreg\u00f3 que tambi\u00e9n surgi\u00f3 la incertidumbre por la falta de pago al personal No Fone.<\/p>\n\n\n\n<p>Manifest\u00f3 que \u00abno es un tema nuevo, son aspectos que se ven dentro del mismo gremio de personal de apoyo, que es la incorporaci\u00f3n total al Fone\u00bb.<\/p>\n\n\n\n<p>Especific\u00f3 que son alrededor de mil 850 trabajadores de apoyo que son personal No Fone, y hay quienes incluso que hay quienes trabajan frente a grupo, y que no han sido regularizados; adem\u00e1s de que se le niega el ingreso a carrera administrativa.<\/p>\n\n\n\n<p>Adem\u00e1s de m\u00e1s de 600 trabajadores Fone, quienes tambi\u00e9n comenzaron a sufrir retrasos en sus pagos.<\/p>\n","protected":false},"excerpt":{"rendered":"<p>Chilpancingo, Guerrero, M\u00e9xico, Am\u00e9rica.- Personal docente y administrativo de la Secretar\u00eda de Educaci\u00f3n Guerrero tom\u00f3&#8230;<\/p>\n","protected":false},"author":1,"featured_media":380224,"comment_status":"open","ping_status":"open","sticky":false,"template":"","format":"standard","meta":{"footnotes":""},"categories":[130],"tags":[],"class_list":["post-380223","post","type-post","status-publish","format-standard","has-post-thumbnail","hentry","category-nacional"],"gutentor_comment":0,"_links":{"self":[{"href":"https:\/\/www.elplaneta.mx\/index.php?rest_route=\/wp\/v2\/posts\/380223","targetHints":{"allow":["GET"]}}],"collection":[{"href":"https:\/\/www.elplaneta.mx\/index.php?rest_route=\/wp\/v2\/posts"}],"about":[{"href":"https:\/\/www.elplaneta.mx\/index.php?rest_route=\/wp\/v2\/types\/post"}],"author":[{"embeddable":true,"href":"https:\/\/www.elplaneta.mx\/index.php?rest_route=\/wp\/v2\/users\/1"}],"replies":[{"embeddable":true,"href":"https:\/\/www.elplaneta.mx\/index.php?rest_route=%2Fwp%2Fv2%2Fcomments&post=380223"}],"version-history":[{"count":1,"href":"https:\/\/www.elplaneta.mx\/index.php?rest_route=\/wp\/v2\/posts\/380223\/revisions"}],"predecessor-version":[{"id":380225,"href":"https:\/\/www.elplaneta.mx\/index.php?rest_route=\/wp\/v2\/posts\/380223\/revisions\/380225"}],"wp:featuredmedia":[{"embeddable":true,"href":"https:\/\/www.elplaneta.mx\/index.php?rest_route=\/wp\/v2\/media\/380224"}],"wp:attachment":[{"href":"https:\/\/www.elplaneta.mx\/index.php?rest_route=%2Fwp%2Fv2%2Fmedia&parent=380223"}],"wp:term":[{"taxonomy":"category","embeddable":true,"href":"https:\/\/www.elplaneta.mx\/index.php?rest_route=%2Fwp%2Fv2%2Fcategories&post=380223"},{"taxonomy":"post_tag","embeddable":true,"href":"https:\/\/www.elplaneta.mx\/index.php?rest_route=%2Fwp%2Fv2%2Ftags&post=380223"}],"curies":[{"name":"wp","href":"https:\/\/api.w.org\/{rel}","templated":true}]}}