{"id":380234,"date":"2026-03-14T08:08:48","date_gmt":"2026-03-14T14:08:48","guid":{"rendered":"https:\/\/www.elplaneta.mx\/?p=380234"},"modified":"2026-03-14T08:09:19","modified_gmt":"2026-03-14T14:09:19","slug":"festival-de-rock-y-otras-actividades-formaran-parte-de-la-segunda-temporada-de-latido-udg","status":"publish","type":"post","link":"https:\/\/www.elplaneta.mx\/?p=380234","title":{"rendered":"Festival de rock y otras actividades formar\u00e1n parte de la segunda temporada de Latido UDG"},"content":{"rendered":"<div class=\"wp-block-image\">\n<figure class=\"alignleft size-full\"><img loading=\"lazy\" decoding=\"async\" width=\"510\" height=\"414\" src=\"https:\/\/www.elplaneta.mx\/wp-content\/themes\/elplaneta\/FOTOS\/11J36467845.jpg\" alt=\"\" class=\"wp-image-380235\" srcset=\"https:\/\/www.elplaneta.mx\/wp-content\/themes\/elplaneta\/FOTOS\/11J36467845.jpg 510w, https:\/\/www.elplaneta.mx\/wp-content\/themes\/elplaneta\/FOTOS\/11J36467845-300x244.jpg 300w\" sizes=\"auto, (max-width: 510px) 100vw, 510px\" \/><\/figure><\/div>\n\n\n<p>Guadalajara, Jalisco, M\u00e9xico, Am\u00e9rica.- La Universidad de Guadalajara (UdeG), por medio de la Coordinaci\u00f3n General de Servicios a Universitarios (CGSU), invita a la comunidad universitaria, a la sociedad en general y a los medios de comunicaci\u00f3n a la inauguraci\u00f3n de la segunda temporada de Latido UDG, Primavera-Verano 2026, el pr\u00f3ximo viernes 13 de marzo, a las 18:30 horas, en la Rambla Catalu\u00f1a.<\/p>\n\n\n\n<p>Latido UDG es un programa art\u00edstico, cultural y recreativo que busca convertir la Rambla Catalu\u00f1a en un \u00e1gora abierta para el encuentro, la convivencia y la expresi\u00f3n del talento universitario y local, con entrada gratuita y actividades para todos los p\u00fablicos durante los fines de semana.<\/p>\n\n\n\n<p>Para la apertura del programa en su segunda etapa, se prev\u00e9 la presentaci\u00f3n de las agrupaciones estudiantiles Darex, Moch It y The Chevys, provenientes de las preparatorias 7 y 22. Las actividades continuar\u00e1n el s\u00e1bado 14 de marzo con una funci\u00f3n de cine al aire libre con la pel\u00edcula Mi amigo robot, a las 19:15 horas. Finalmente, el domingo 15 de marzo, habr\u00e1 una exhibici\u00f3n de los equipos de futbol americano de la UdeG, a las 9:00 horas.<\/p>\n\n\n\n<p>Para esta segunda temporada Latido UDG fortalece su oferta con nuevas modalidades como Latido divulgaci\u00f3n y Latido regional, que se suman a Latido cultural, Latido art\u00edstico y Latido recreativo. Mediante Latido divulgaci\u00f3n se incorporan actividades de ciencia, pensamiento cr\u00edtico y humanidades con conferencias, conversatorios, mesas redondas, presentaciones editoriales; investigadores, acad\u00e9micos y estudiantes compartir\u00e1n sus conocimientos con la ciudadan\u00eda con un lenguaje accesible, haciendo de la rambla un espacio para el di\u00e1logo y la reflexi\u00f3n.<\/p>\n\n\n\n<p>Latido regional inicia una proyecci\u00f3n hacia la zona Sur de Jalisco, con el objetivo de descentralizar la oferta cultural y llevar el talento universitario a m\u00e1s comunidades del estado. De esta forma, Latido UDG comienza a extenderse m\u00e1s all\u00e1 del \u00c1rea Metropolitana, con el objetivo de llevar la cultura y el conocimiento a todas las regiones de Jalisco.<\/p>\n\n\n\n<p>La CGSU reitera su compromiso con la cultura, el arte, la recreaci\u00f3n y la divulgaci\u00f3n cient\u00edfica como herramientas para la formaci\u00f3n integral y el bienestar.<\/p>\n\n\n\n<p>Para conocer la cartelera completa de actividades, la CGSU pone a disposici\u00f3n su perfil de Facebook, https:\/\/www.facebook.com\/CGSU.UdeG<\/p>\n","protected":false},"excerpt":{"rendered":"<p>Guadalajara, Jalisco, M\u00e9xico, Am\u00e9rica.- La Universidad de Guadalajara (UdeG), por medio de la Coordinaci\u00f3n General&#8230;<\/p>\n","protected":false},"author":1,"featured_media":380235,"comment_status":"open","ping_status":"open","sticky":false,"template":"","format":"standard","meta":{"footnotes":""},"categories":[151],"tags":[],"class_list":["post-380234","post","type-post","status-publish","format-standard","has-post-thumbnail","hentry","category-espectaculos"],"gutentor_comment":0,"_links":{"self":[{"href":"https:\/\/www.elplaneta.mx\/index.php?rest_route=\/wp\/v2\/posts\/380234","targetHints":{"allow":["GET"]}}],"collection":[{"href":"https:\/\/www.elplaneta.mx\/index.php?rest_route=\/wp\/v2\/posts"}],"about":[{"href":"https:\/\/www.elplaneta.mx\/index.php?rest_route=\/wp\/v2\/types\/post"}],"author":[{"embeddable":true,"href":"https:\/\/www.elplaneta.mx\/index.php?rest_route=\/wp\/v2\/users\/1"}],"replies":[{"embeddable":true,"href":"https:\/\/www.elplaneta.mx\/index.php?rest_route=%2Fwp%2Fv2%2Fcomments&post=380234"}],"version-history":[{"count":1,"href":"https:\/\/www.elplaneta.mx\/index.php?rest_route=\/wp\/v2\/posts\/380234\/revisions"}],"predecessor-version":[{"id":380236,"href":"https:\/\/www.elplaneta.mx\/index.php?rest_route=\/wp\/v2\/posts\/380234\/revisions\/380236"}],"wp:featuredmedia":[{"embeddable":true,"href":"https:\/\/www.elplaneta.mx\/index.php?rest_route=\/wp\/v2\/media\/380235"}],"wp:attachment":[{"href":"https:\/\/www.elplaneta.mx\/index.php?rest_route=%2Fwp%2Fv2%2Fmedia&parent=380234"}],"wp:term":[{"taxonomy":"category","embeddable":true,"href":"https:\/\/www.elplaneta.mx\/index.php?rest_route=%2Fwp%2Fv2%2Fcategories&post=380234"},{"taxonomy":"post_tag","embeddable":true,"href":"https:\/\/www.elplaneta.mx\/index.php?rest_route=%2Fwp%2Fv2%2Ftags&post=380234"}],"curies":[{"name":"wp","href":"https:\/\/api.w.org\/{rel}","templated":true}]}}