{"id":380267,"date":"2026-03-14T10:55:52","date_gmt":"2026-03-14T16:55:52","guid":{"rendered":"https:\/\/www.elplaneta.mx\/?p=380267"},"modified":"2026-03-14T10:55:56","modified_gmt":"2026-03-14T16:55:56","slug":"la-reforma-electoral-debe-surgir-del-dialogo-y-la-voluntad-ciudadana-unam","status":"publish","type":"post","link":"https:\/\/www.elplaneta.mx\/?p=380267","title":{"rendered":"La reforma electoral debe surgir del di\u00e1logo y la voluntad ciudadana:\u00a0UNAM"},"content":{"rendered":"<div class=\"wp-block-image\">\n<figure class=\"alignleft size-large is-resized\"><img loading=\"lazy\" decoding=\"async\" width=\"1024\" height=\"580\" src=\"https:\/\/www.elplaneta.mx\/wp-content\/themes\/elplaneta\/FOTOS\/14U4749785766-1024x580.jpg\" alt=\"\" class=\"wp-image-380268\" style=\"width:691px;height:auto\" srcset=\"https:\/\/www.elplaneta.mx\/wp-content\/themes\/elplaneta\/FOTOS\/14U4749785766-1024x580.jpg 1024w, https:\/\/www.elplaneta.mx\/wp-content\/themes\/elplaneta\/FOTOS\/14U4749785766-300x170.jpg 300w, https:\/\/www.elplaneta.mx\/wp-content\/themes\/elplaneta\/FOTOS\/14U4749785766-768x435.jpg 768w, https:\/\/www.elplaneta.mx\/wp-content\/themes\/elplaneta\/FOTOS\/14U4749785766.jpg 1045w\" sizes=\"auto, (max-width: 1024px) 100vw, 1024px\" \/><\/figure><\/div>\n\n\n<p>Coyoac\u00e1n, Ciudad de M\u00e9xico, M\u00e9xico, Am\u00e9rica.- Un nuevo pacto pol\u00edtico necesita, ante todo, capacidad de di\u00e1logo; el entendimiento es indispensable en cualquier sociedad funcional democr\u00e1tica. Sin interlocuci\u00f3n no hay reforma, pero tampoco pacto, expres\u00f3 el investigador em\u00e9rito del Instituto de Investigaciones Jur\u00eddicas (IIJ), Diego Valad\u00e9s R\u00edos.<\/p>\n\n\n\n<p>Si lo queremos, acot\u00f3, precisa de una interlocuci\u00f3n constructiva, respetuosa, trazando las diferencias, pero no plante\u00e1ndolas como exclusiones.<\/p>\n\n\n\n<p>Junto con Jos\u00e9 Woldenberg Karakowsky, Hugo Alejandro Concha Cant\u00fa, Jaime C\u00e1rdenas Gracia, Rub\u00e9n Jes\u00fas Lara Patr\u00f3n, Irma M\u00e9ndez de Hoyos y Blanca Margarita Vel\u00e1zquez Rodr\u00edguez particip\u00f3 en la Mesa 1 \u201cLa representaci\u00f3n pol\u00edtica de M\u00e9xico en el siglo XXI. \u00bfUn nuevo pacto pol\u00edtico?\u201d, en ocasi\u00f3n del Seminario Universitario \u201cLa Reforma Pol\u00edtico-Electoral que M\u00e9xico requiere\u201d, en la cual dijo: El problema central es que nuestro sistema representativo sigue siendo \u201cun sistema sin efectos\u201d.<\/p>\n\n\n\n<p>\u201cEl Congreso mexicano no se da por aludido con relaci\u00f3n a los problemas que se presentan en el territorio y en el sistema pol\u00edtico mexicano. Por tanto, tenemos que hacer una reforma del sistema representativo mexicano, porque el que tenemos claramente no funciona\u201d. Adem\u00e1s, destac\u00f3, se vive una crisis nacional del sistema representativo.<\/p>\n\n\n\n<p>Al hacer uso de la palabra, Jos\u00e9 Woldenberg Karakowsky, acad\u00e9mico de la Facultad de Ciencias Pol\u00edticas y Sociales (FCPyS), se refiri\u00f3 a los procedimientos ocurridos en las reformas electorales de 1994, 1996, 2007 y 2024, las cuales se realizaron por consenso.<\/p>\n\n\n\n<p>En los cambios anteriores el motor fueron las demandas opositoras; hoy la C\u00e1mara de Diputados no abri\u00f3 un espacio para escuchar. \u201cEsta es una reforma del gobierno para el gobierno; las diferentes fuerzas pol\u00edticas deben estar mejor representadas de acuerdo con sus votos\u201d, coment\u00f3.<\/p>\n\n\n\n<p>Durante la mesa moderada por Hugo Alejandro Concha Cant\u00fa, titular de la Oficina de la Abogac\u00eda General de la UNAM, realizada en el auditorio \u201cPablo Gonz\u00e1lez Casanova\u201d de la FCPyS, Jaime C\u00e1rdenas Gracia, investigador del IIJ, mencion\u00f3 que cualquier reforma debe surgir de la voluntad de los ciudadanos.<\/p>\n\n\n\n<p>Respecto a los 200 diputados de representaci\u00f3n proporcional que se propone sean elegidos por sufragio directo mediante un sistema de votaci\u00f3n por circunscripci\u00f3n, se\u00f1al\u00f3 que \u201cno hay una regresi\u00f3n como se ha dicho porque reducir\u00e1 el poder de las c\u00fapulas partidistas\u201d.<\/p>\n\n\n\n<p>A decir del acad\u00e9mico de la Facultad de Derecho (FD), Rub\u00e9n Jes\u00fas Lara Patr\u00f3n, ninguna propuesta de la sociedad civil qued\u00f3 integrada al documento final de la propuesta de reforma.<\/p>\n\n\n\n<p>Para la profesora-investigadora en la Facultad Latinoamericana de Ciencias Sociales, Irma M\u00e9ndez de Hoyos, nuestro pa\u00eds tiene un problema de representaci\u00f3n.<\/p>\n\n\n\n<p>Blanca Margarita Vel\u00e1zquez Rodr\u00edguez, docente de la FD, comparti\u00f3 que, ante la situaci\u00f3n de M\u00e9xico con un sistema partidista, el ajuste en materia pol\u00edtica electoral debe tener consenso. En ese sentido, puntualiz\u00f3, no hay condiciones para la reforma electoral.<\/p>\n","protected":false},"excerpt":{"rendered":"<p>Coyoac\u00e1n, Ciudad de M\u00e9xico, M\u00e9xico, Am\u00e9rica.- Un nuevo pacto pol\u00edtico necesita, ante todo, capacidad de&#8230;<\/p>\n","protected":false},"author":1,"featured_media":380268,"comment_status":"open","ping_status":"open","sticky":false,"template":"","format":"standard","meta":{"footnotes":""},"categories":[583,507],"tags":[],"class_list":["post-380267","post","type-post","status-publish","format-standard","has-post-thumbnail","hentry","category-principales","category-trascendente"],"gutentor_comment":0,"_links":{"self":[{"href":"https:\/\/www.elplaneta.mx\/index.php?rest_route=\/wp\/v2\/posts\/380267","targetHints":{"allow":["GET"]}}],"collection":[{"href":"https:\/\/www.elplaneta.mx\/index.php?rest_route=\/wp\/v2\/posts"}],"about":[{"href":"https:\/\/www.elplaneta.mx\/index.php?rest_route=\/wp\/v2\/types\/post"}],"author":[{"embeddable":true,"href":"https:\/\/www.elplaneta.mx\/index.php?rest_route=\/wp\/v2\/users\/1"}],"replies":[{"embeddable":true,"href":"https:\/\/www.elplaneta.mx\/index.php?rest_route=%2Fwp%2Fv2%2Fcomments&post=380267"}],"version-history":[{"count":1,"href":"https:\/\/www.elplaneta.mx\/index.php?rest_route=\/wp\/v2\/posts\/380267\/revisions"}],"predecessor-version":[{"id":380269,"href":"https:\/\/www.elplaneta.mx\/index.php?rest_route=\/wp\/v2\/posts\/380267\/revisions\/380269"}],"wp:featuredmedia":[{"embeddable":true,"href":"https:\/\/www.elplaneta.mx\/index.php?rest_route=\/wp\/v2\/media\/380268"}],"wp:attachment":[{"href":"https:\/\/www.elplaneta.mx\/index.php?rest_route=%2Fwp%2Fv2%2Fmedia&parent=380267"}],"wp:term":[{"taxonomy":"category","embeddable":true,"href":"https:\/\/www.elplaneta.mx\/index.php?rest_route=%2Fwp%2Fv2%2Fcategories&post=380267"},{"taxonomy":"post_tag","embeddable":true,"href":"https:\/\/www.elplaneta.mx\/index.php?rest_route=%2Fwp%2Fv2%2Ftags&post=380267"}],"curies":[{"name":"wp","href":"https:\/\/api.w.org\/{rel}","templated":true}]}}