{"id":380273,"date":"2026-03-15T07:32:59","date_gmt":"2026-03-15T13:32:59","guid":{"rendered":"https:\/\/www.elplaneta.mx\/?p=380273"},"modified":"2026-03-15T07:33:30","modified_gmt":"2026-03-15T13:33:30","slug":"el-partido-paigc-de-guinea-bissau-exige-el-fin-de-las-restricciones-politicas-a-los-militares","status":"publish","type":"post","link":"https:\/\/www.elplaneta.mx\/?p=380273","title":{"rendered":"El partido Paigc de Guinea Bissau, exige el fin de las restricciones pol\u00edticas, a los militares"},"content":{"rendered":"<div class=\"wp-block-image\">\n<figure class=\"alignleft size-full\"><img loading=\"lazy\" decoding=\"async\" width=\"667\" height=\"429\" src=\"https:\/\/www.elplaneta.mx\/wp-content\/themes\/elplaneta\/FOTOS\/15G3679458567866.jpeg\" alt=\"\" class=\"wp-image-380274\" srcset=\"https:\/\/www.elplaneta.mx\/wp-content\/themes\/elplaneta\/FOTOS\/15G3679458567866.jpeg 667w, https:\/\/www.elplaneta.mx\/wp-content\/themes\/elplaneta\/FOTOS\/15G3679458567866-300x193.jpeg 300w\" sizes=\"auto, (max-width: 667px) 100vw, 667px\" \/><\/figure><\/div>\n\n\n<p>Bis\u00e1u, Guinea Bissau, \u00c1frica.- El Partido Africano para la Independencia de Guinea y Cabo Verde (PAIGC) declar\u00f3 este jueves 13 de marzo de 2026 que est\u00e1 dispuesto a dialogar con el Alto Mando Militar, pero condiciona cualquier iniciativa al restablecimiento inmediato de las libertades pol\u00edticas, la liberaci\u00f3n de su l\u00edder, Domingos Sim\u00f5es Pereira, y el levantamiento de las restricciones que, seg\u00fan el partido, han limitado la actividad pol\u00edtica en el pa\u00eds.<\/p>\n\n\n\n<p>Esta postura se recoge en una nota de contextualizaci\u00f3n y orientaci\u00f3n pol\u00edtica publicada por la Secretar\u00eda Nacional, donde el partido describe a Guinea-Bissau sumida en una crisis institucional desde el golpe militar del 26 de noviembre de 2025, ocurrido horas antes de la proclamaci\u00f3n oficial de los resultados de las elecciones presidenciales.<\/p>\n\n\n\n<p>Seg\u00fan el documento, al que tuvo acceso el diario O Dem\u00f3crata, los registros electorales indicar\u00edan la victoria del candidato apoyado por el PAIGC, Fernando Dias da Costa, en las elecciones celebradas en noviembre.<\/p>\n\n\n\n<p>El texto recuerda que el pa\u00eds ha enfrentado un proceso de debilitamiento institucional desde 2020, citando la disoluci\u00f3n de la Asamblea Nacional Popular, la formaci\u00f3n de un gobierno presidencial \u00absin respaldo constitucional\u00bb y la supuesta toma del Tribunal Supremo Federal. El PAIGC tambi\u00e9n afirma que el mandato de la Comisi\u00f3n Electoral Nacional habr\u00eda expirado en 2022 y que el censo electoral se realiz\u00f3 unilateralmente, lo que result\u00f3 en la exclusi\u00f3n de candidaturas.<\/p>\n\n\n\n<p>Seg\u00fan el partido, si bien las misiones de observaci\u00f3n de la CEDEAO, la Uni\u00f3n Africana y el CPLP consideraron pac\u00edficas las elecciones de noviembre, el golpe militar interrumpi\u00f3 el proceso, provoc\u00f3 el encarcelamiento de l\u00edderes pol\u00edticos \u2014entre ellos Domingos Sim\u00f5es Pereira\u2014 y el cierre de la sede del partido.<\/p>\n\n\n\n<p>El comunicado subraya que la situaci\u00f3n pol\u00edtica en Guinea ha sido condenada por diversas organizaciones internacionales, como la ONU, la Uni\u00f3n Europea, la CEDEAO, la Uni\u00f3n Africana y el CPLP, que han impuesto sanciones y exigido el restablecimiento del orden constitucional.<\/p>\n\n\n\n<p>El documento tambi\u00e9n recuerda la cumbre extraordinaria de la CEDEAO celebrada el 14 de diciembre de 2025 en Abuya, durante la cual la organizaci\u00f3n rechaz\u00f3 el programa de transici\u00f3n presentado por las autoridades militares, exigi\u00f3 la liberaci\u00f3n incondicional de los presos pol\u00edticos y propuso la formaci\u00f3n de un gobierno inclusivo. El PAIGC afirma que estas recomendaciones no se han implementado y que persisten las restricciones a la actividad del partido, junto con un proceso de revisi\u00f3n constitucional llevado a cabo por los militares.<\/p>\n\n\n\n<p>En el mismo comunicado, el partido informa haber firmado, junto con la coalici\u00f3n API-CABAS GARANDI, un manifiesto en el que insta al Alto Mando Militar a liberar a Domingos Sim\u00f5es Pereira, reabrir la sede del partido, cesar la represi\u00f3n pol\u00edtica y aceptar un di\u00e1logo mediado por organizaciones internacionales, con el objetivo de restablecer el orden constitucional y formar un gobierno que refleje a todas las fuerzas pol\u00edticas nacionales.<\/p>\n","protected":false},"excerpt":{"rendered":"<p>Bis\u00e1u, Guinea Bissau, \u00c1frica.- El Partido Africano para la Independencia de Guinea y Cabo Verde&#8230;<\/p>\n","protected":false},"author":1,"featured_media":380274,"comment_status":"open","ping_status":"open","sticky":false,"template":"","format":"standard","meta":{"footnotes":""},"categories":[4],"tags":[],"class_list":["post-380273","post","type-post","status-publish","format-standard","has-post-thumbnail","hentry","category-local"],"gutentor_comment":0,"_links":{"self":[{"href":"https:\/\/www.elplaneta.mx\/index.php?rest_route=\/wp\/v2\/posts\/380273","targetHints":{"allow":["GET"]}}],"collection":[{"href":"https:\/\/www.elplaneta.mx\/index.php?rest_route=\/wp\/v2\/posts"}],"about":[{"href":"https:\/\/www.elplaneta.mx\/index.php?rest_route=\/wp\/v2\/types\/post"}],"author":[{"embeddable":true,"href":"https:\/\/www.elplaneta.mx\/index.php?rest_route=\/wp\/v2\/users\/1"}],"replies":[{"embeddable":true,"href":"https:\/\/www.elplaneta.mx\/index.php?rest_route=%2Fwp%2Fv2%2Fcomments&post=380273"}],"version-history":[{"count":1,"href":"https:\/\/www.elplaneta.mx\/index.php?rest_route=\/wp\/v2\/posts\/380273\/revisions"}],"predecessor-version":[{"id":380275,"href":"https:\/\/www.elplaneta.mx\/index.php?rest_route=\/wp\/v2\/posts\/380273\/revisions\/380275"}],"wp:featuredmedia":[{"embeddable":true,"href":"https:\/\/www.elplaneta.mx\/index.php?rest_route=\/wp\/v2\/media\/380274"}],"wp:attachment":[{"href":"https:\/\/www.elplaneta.mx\/index.php?rest_route=%2Fwp%2Fv2%2Fmedia&parent=380273"}],"wp:term":[{"taxonomy":"category","embeddable":true,"href":"https:\/\/www.elplaneta.mx\/index.php?rest_route=%2Fwp%2Fv2%2Fcategories&post=380273"},{"taxonomy":"post_tag","embeddable":true,"href":"https:\/\/www.elplaneta.mx\/index.php?rest_route=%2Fwp%2Fv2%2Ftags&post=380273"}],"curies":[{"name":"wp","href":"https:\/\/api.w.org\/{rel}","templated":true}]}}