{"id":380279,"date":"2026-03-15T07:41:44","date_gmt":"2026-03-15T13:41:44","guid":{"rendered":"https:\/\/www.elplaneta.mx\/?p=380279"},"modified":"2026-03-15T07:42:14","modified_gmt":"2026-03-15T13:42:14","slug":"promoveran-proyecto-editorial-sobre-legado-de-mujeres-uanl","status":"publish","type":"post","link":"https:\/\/www.elplaneta.mx\/?p=380279","title":{"rendered":"Promover\u00e1n proyecto editorial sobre legado de mujeres: UANL"},"content":{"rendered":"<div class=\"wp-block-image\">\n<figure class=\"alignleft size-full is-resized\"><img loading=\"lazy\" decoding=\"async\" width=\"758\" height=\"426\" src=\"https:\/\/www.elplaneta.mx\/wp-content\/themes\/elplaneta\/FOTOS\/15N3749686786.jpg\" alt=\"\" class=\"wp-image-380280\" style=\"width:600px;height:auto\" srcset=\"https:\/\/www.elplaneta.mx\/wp-content\/themes\/elplaneta\/FOTOS\/15N3749686786.jpg 758w, https:\/\/www.elplaneta.mx\/wp-content\/themes\/elplaneta\/FOTOS\/15N3749686786-300x169.jpg 300w\" sizes=\"auto, (max-width: 758px) 100vw, 758px\" \/><\/figure><\/div>\n\n\n<p>Monterrey, Nuevo Le\u00f3n, M\u00e9xico, Am\u00e9rica.- Con el objetivo de fortalecer la promoci\u00f3n de actividades educativas y culturales, la Universidad Aut\u00f3noma de Nuevo Le\u00f3n y la Fundaci\u00f3n \u201cM\u00e9xico Monterrey 2010\u201d AC, responsable del proyecto Paseo de la Mujer Mexicana, firmaron un convenio de colaboraci\u00f3n para desarrollar proyectos editoriales y acad\u00e9micos que rescaten el legado de mujeres que han contribuido a la historia del pa\u00eds.<\/p>\n\n\n\n<p>La firma del acuerdo fue encabezada por el Rector de la UANL, Santos Guzm\u00e1n L\u00f3pez, y la Presidenta de la Fundaci\u00f3n \u201cM\u00e9xico Monterrey 2010\u201d, Liliana Melo de Sada. Estuvieron acompa\u00f1ados por la Consejera de la fundaci\u00f3n, Rosa Mar\u00eda Gonz\u00e1lez de D\u00e1vila; la Directora del Paseo de la Mujer Mexicana, Nataly Mart\u00ednez Medina, el Director de la Facultad de Ciencias Pol\u00edticas y Relaciones Internacionales, Abraham A. Hern\u00e1ndez Paz; y el Director de Editorial Universitaria UANL, Antonio Ramos Revillas.<\/p>\n\n\n\n<p>Durante su mensaje, el Rector de la UANL destac\u00f3 el papel que las mujeres han alcanzado dentro de la Instituci\u00f3n y su creciente presencia en la comunidad universitaria.<\/p>\n\n\n\n<p>Se\u00f1al\u00f3 que el 52 por ciento de la matr\u00edcula actual universitaria est\u00e1 conformada por mujeres, mientras que el 43 por ciento del profesorado y el 47 por ciento del personal investigador tambi\u00e9n corresponde a mujeres.<\/p>\n\n\n\n<p>Estas cifras reflejan una participaci\u00f3n cada vez m\u00e1s activa en los \u00e1mbitos acad\u00e9mico y cient\u00edfico.<\/p>\n\n\n\n<p>\u201cLa Universidad ha reconocido el trabajo de estudiantes e investigadoras que han destacado por sus logros acad\u00e9micos, lo que representa un motivo de orgullo para la Instituci\u00f3n y la UANL mantiene su compromiso con la equidad y la igualdad de oportunidades dentro de su comunidad universitaria\u201d.<\/p>\n\n\n\n<p>Por su parte, la presidenta de la Fundaci\u00f3n \u201cM\u00e9xico Monterrey 2010\u201d, Liliana Melo de Sada, explic\u00f3 que el convenio permitir\u00e1 trabajar de manera conjunta con la UANL en la elaboraci\u00f3n de una serie editorial dedicada a mujeres que transformaron la historia del pa\u00eds y que, en muchos casos, no han recibido el reconocimiento que merecen.<\/p>\n\n\n\n<p>\u201cVamos a empezar con siete tomos de los libros de las mujeres que cambiaron la historia de M\u00e9xico y que nunca han sido nombradas. Ya sabemos que si no le ponemos nombre y apellido, no existes\u201d, expres\u00f3.<\/p>\n\n\n\n<p>Melo de Sada detall\u00f3 que el proyecto tendr\u00e1 un amplio alcance educativo, ya que cada uno de los t\u00edtulos contar\u00e1 con una distribuci\u00f3n de aproximadamente siete mil 200 ejemplares, los cuales ser\u00e1n entregados en escuelas p\u00fablicas de nivel primaria, secundaria y preparatoria, adem\u00e1s de bibliotecas del estado, en coordinaci\u00f3n con la Secretar\u00eda de Educaci\u00f3n de Nuevo Le\u00f3n.<\/p>\n\n\n\n<p>El convenio establece la colaboraci\u00f3n entre la UANL y la Fundaci\u00f3n \u201cM\u00e9xico Monterrey 2010\u201d para impulsar publicaciones, actividades culturales y proyectos acad\u00e9micos que contribuyan a difundir el papel de las mujeres en la historia nacional.<\/p>\n\n\n\n<p>En este esfuerzo, la Facultad de Ciencias Pol\u00edticas y Relaciones Internacionales de la UANL fungir\u00e1 como enlace institucional para el desarrollo de las iniciativas derivadas de este acuerdo.<\/p>\n\n\n\n<p>La alianza busca fortalecer la difusi\u00f3n del conocimiento hist\u00f3rico y promover el reconocimiento del legado femenino en la sociedad, mediante proyectos educativos que acerquen estos contenidos a las nuevas generaciones.<\/p>\n\n\n\n<p>La firma de convenio se llev\u00f3 a cabo el 9 de marzo en la Torre de Rector\u00eda de la UANL, ubicada en Ciudad Universitaria.<\/p>\n","protected":false},"excerpt":{"rendered":"<p>Monterrey, Nuevo Le\u00f3n, M\u00e9xico, Am\u00e9rica.- Con el objetivo de fortalecer la promoci\u00f3n de actividades educativas&#8230;<\/p>\n","protected":false},"author":1,"featured_media":380280,"comment_status":"open","ping_status":"open","sticky":false,"template":"","format":"standard","meta":{"footnotes":""},"categories":[151],"tags":[],"class_list":["post-380279","post","type-post","status-publish","format-standard","has-post-thumbnail","hentry","category-espectaculos"],"gutentor_comment":0,"_links":{"self":[{"href":"https:\/\/www.elplaneta.mx\/index.php?rest_route=\/wp\/v2\/posts\/380279","targetHints":{"allow":["GET"]}}],"collection":[{"href":"https:\/\/www.elplaneta.mx\/index.php?rest_route=\/wp\/v2\/posts"}],"about":[{"href":"https:\/\/www.elplaneta.mx\/index.php?rest_route=\/wp\/v2\/types\/post"}],"author":[{"embeddable":true,"href":"https:\/\/www.elplaneta.mx\/index.php?rest_route=\/wp\/v2\/users\/1"}],"replies":[{"embeddable":true,"href":"https:\/\/www.elplaneta.mx\/index.php?rest_route=%2Fwp%2Fv2%2Fcomments&post=380279"}],"version-history":[{"count":1,"href":"https:\/\/www.elplaneta.mx\/index.php?rest_route=\/wp\/v2\/posts\/380279\/revisions"}],"predecessor-version":[{"id":380281,"href":"https:\/\/www.elplaneta.mx\/index.php?rest_route=\/wp\/v2\/posts\/380279\/revisions\/380281"}],"wp:featuredmedia":[{"embeddable":true,"href":"https:\/\/www.elplaneta.mx\/index.php?rest_route=\/wp\/v2\/media\/380280"}],"wp:attachment":[{"href":"https:\/\/www.elplaneta.mx\/index.php?rest_route=%2Fwp%2Fv2%2Fmedia&parent=380279"}],"wp:term":[{"taxonomy":"category","embeddable":true,"href":"https:\/\/www.elplaneta.mx\/index.php?rest_route=%2Fwp%2Fv2%2Fcategories&post=380279"},{"taxonomy":"post_tag","embeddable":true,"href":"https:\/\/www.elplaneta.mx\/index.php?rest_route=%2Fwp%2Fv2%2Ftags&post=380279"}],"curies":[{"name":"wp","href":"https:\/\/api.w.org\/{rel}","templated":true}]}}