{"id":380285,"date":"2026-03-15T08:28:53","date_gmt":"2026-03-15T14:28:53","guid":{"rendered":"https:\/\/www.elplaneta.mx\/?p=380285"},"modified":"2026-03-15T08:28:57","modified_gmt":"2026-03-15T14:28:57","slug":"protestan-en-cuba-por-crisis-energetica-y-desabastecimiento","status":"publish","type":"post","link":"https:\/\/www.elplaneta.mx\/?p=380285","title":{"rendered":"Protestan en Cuba, por crisis energ\u00e9tica y desabastecimiento"},"content":{"rendered":"<div class=\"wp-block-image\">\n<figure class=\"alignleft size-full\"><img loading=\"lazy\" decoding=\"async\" width=\"603\" height=\"364\" src=\"https:\/\/www.elplaneta.mx\/wp-content\/themes\/elplaneta\/FOTOS\/15C2364685755.jpg\" alt=\"\" class=\"wp-image-380286\" srcset=\"https:\/\/www.elplaneta.mx\/wp-content\/themes\/elplaneta\/FOTOS\/15C2364685755.jpg 603w, https:\/\/www.elplaneta.mx\/wp-content\/themes\/elplaneta\/FOTOS\/15C2364685755-300x181.jpg 300w\" sizes=\"auto, (max-width: 603px) 100vw, 603px\" \/><\/figure><\/div>\n\n\n<p>La Habana, Cuba, Am\u00e9rica.- En la medianoche de este s\u00e1bado un grupo de personas, en su mayor\u00eda residentes del consejo popular El Vaquerito, protestaron en las calles de la ciudad de Mor\u00f3n, en Ciego de \u00c1vila, con reclamos relacionados con la situaci\u00f3n electroenerg\u00e9tica y el acceso a productos alimenticios.<\/p>\n\n\n\n<p>Lo que en un inicio transcurri\u00f3 de manera pac\u00edfica, y tras un intercambio con autoridades del territorio, deriv\u00f3 en hechos vand\u00e1licos contra la sede del comit\u00e9 municipal del partido Comunista de Cuba, donde un grupo m\u00e1s reducido de personas apedrearon la entrada del inmueble y provocaron un incendio en la v\u00eda p\u00fablica con los muebles de la recepci\u00f3n.<\/p>\n\n\n\n<p>Preliminarmente, a trav\u00e9s de publicaciones en redes sociales, se pudo conocer que tambi\u00e9n se reportaron afectaciones en otros establecimientos, entre ellos una farmacia y un punto de venta de la cadena Tiendas Caribe.<\/p>\n\n\n\n<p>Cubadebate inform\u00f3 que se encontraban detenidas cinco personas, y otra, que en estado de embriaguez sufri\u00f3 una ca\u00edda, recib\u00eda atenci\u00f3n m\u00e9dica. Mientras tanto contin\u00faan las investigaciones para esclarecer lo sucedido.<\/p>\n","protected":false},"excerpt":{"rendered":"<p>La Habana, Cuba, Am\u00e9rica.- En la medianoche de este s\u00e1bado un grupo de personas, en&#8230;<\/p>\n","protected":false},"author":1,"featured_media":380286,"comment_status":"open","ping_status":"open","sticky":false,"template":"","format":"standard","meta":{"footnotes":""},"categories":[139],"tags":[],"class_list":["post-380285","post","type-post","status-publish","format-standard","has-post-thumbnail","hentry","category-continental"],"gutentor_comment":0,"_links":{"self":[{"href":"https:\/\/www.elplaneta.mx\/index.php?rest_route=\/wp\/v2\/posts\/380285","targetHints":{"allow":["GET"]}}],"collection":[{"href":"https:\/\/www.elplaneta.mx\/index.php?rest_route=\/wp\/v2\/posts"}],"about":[{"href":"https:\/\/www.elplaneta.mx\/index.php?rest_route=\/wp\/v2\/types\/post"}],"author":[{"embeddable":true,"href":"https:\/\/www.elplaneta.mx\/index.php?rest_route=\/wp\/v2\/users\/1"}],"replies":[{"embeddable":true,"href":"https:\/\/www.elplaneta.mx\/index.php?rest_route=%2Fwp%2Fv2%2Fcomments&post=380285"}],"version-history":[{"count":1,"href":"https:\/\/www.elplaneta.mx\/index.php?rest_route=\/wp\/v2\/posts\/380285\/revisions"}],"predecessor-version":[{"id":380287,"href":"https:\/\/www.elplaneta.mx\/index.php?rest_route=\/wp\/v2\/posts\/380285\/revisions\/380287"}],"wp:featuredmedia":[{"embeddable":true,"href":"https:\/\/www.elplaneta.mx\/index.php?rest_route=\/wp\/v2\/media\/380286"}],"wp:attachment":[{"href":"https:\/\/www.elplaneta.mx\/index.php?rest_route=%2Fwp%2Fv2%2Fmedia&parent=380285"}],"wp:term":[{"taxonomy":"category","embeddable":true,"href":"https:\/\/www.elplaneta.mx\/index.php?rest_route=%2Fwp%2Fv2%2Fcategories&post=380285"},{"taxonomy":"post_tag","embeddable":true,"href":"https:\/\/www.elplaneta.mx\/index.php?rest_route=%2Fwp%2Fv2%2Ftags&post=380285"}],"curies":[{"name":"wp","href":"https:\/\/api.w.org\/{rel}","templated":true}]}}