{"id":380291,"date":"2026-03-15T08:56:31","date_gmt":"2026-03-15T14:56:31","guid":{"rendered":"https:\/\/www.elplaneta.mx\/?p=380291"},"modified":"2026-03-15T08:56:36","modified_gmt":"2026-03-15T14:56:36","slug":"en-baja-california-sur-un-accidente-en-mesa-del-cuervo-deja-un-hombre-sin-vida","status":"publish","type":"post","link":"https:\/\/www.elplaneta.mx\/?p=380291","title":{"rendered":"En Baja California Sur, un accidente en Mesa del Cuervo, deja un hombre sin vida"},"content":{"rendered":"<div class=\"wp-block-image\">\n<figure class=\"alignleft size-full is-resized\"><img loading=\"lazy\" decoding=\"async\" width=\"543\" height=\"367\" src=\"https:\/\/www.elplaneta.mx\/wp-content\/themes\/elplaneta\/FOTOS\/15B36368475755.jpg\" alt=\"\" class=\"wp-image-380292\" style=\"width:460px;height:auto\" srcset=\"https:\/\/www.elplaneta.mx\/wp-content\/themes\/elplaneta\/FOTOS\/15B36368475755.jpg 543w, https:\/\/www.elplaneta.mx\/wp-content\/themes\/elplaneta\/FOTOS\/15B36368475755-300x203.jpg 300w\" sizes=\"auto, (max-width: 543px) 100vw, 543px\" \/><\/figure><\/div>\n\n\n<p>La Paz, Baja California Sur, M\u00e9xico, Am\u00e9rica.- Un accidente automovil\u00edstico registrado la ma\u00f1ana de este s\u00e1bado 14 de marzo sobre la carretera federal dej\u00f3 como saldo a un hombre sin vida, informaron cuerpos de emergencia.<\/p>\n\n\n\n<p>El hecho fue reportado alrededor de las 8:40 horas, cuando personal del Departamento de Bomberos de San Jos\u00e9 del Cabo, adscrito a la Estaci\u00f3n #5 La Ribera, acudi\u00f3 a atender un choque vehicular ocurrido a la altura de Mesa del Cuervo, antes de llegar a la comunidad de Buenavista, en el tramo con direcci\u00f3n de San Jos\u00e9 del Cabo hacia La Paz.<\/p>\n\n\n\n<p>De acuerdo con el reporte, al sitio se traslad\u00f3 la unidad B-55, cuyos elementos confirmaron que el percance involucr\u00f3 dos veh\u00edculos: un cami\u00f3n tipo bomba de concreto y una camioneta Mazda color rojo.<\/p>\n\n\n\n<p>En el interior de la camioneta se encontraba un hombre, quien fue valorado por param\u00e9dicos de Protecci\u00f3n Civil; sin embargo, tras la revisi\u00f3n se confirm\u00f3 que ya no contaba con signos vitales.<\/p>\n\n\n\n<p>En el lugar tambi\u00e9n se presentaron elementos de Seguridad P\u00fablica, quienes realizaron las diligencias correspondientes y el control del \u00e1rea tras el accidente.<\/p>\n\n\n\n<p>Hasta el momento, no se han dado a conocer m\u00e1s detalles sobre la identidad de la v\u00edctima ni sobre las causas que originaron el choque.<\/p>\n","protected":false},"excerpt":{"rendered":"<p>La Paz, Baja California Sur, M\u00e9xico, Am\u00e9rica.- Un accidente automovil\u00edstico registrado la ma\u00f1ana de este&#8230;<\/p>\n","protected":false},"author":1,"featured_media":380292,"comment_status":"open","ping_status":"open","sticky":false,"template":"","format":"standard","meta":{"footnotes":""},"categories":[130],"tags":[],"class_list":["post-380291","post","type-post","status-publish","format-standard","has-post-thumbnail","hentry","category-nacional"],"gutentor_comment":0,"_links":{"self":[{"href":"https:\/\/www.elplaneta.mx\/index.php?rest_route=\/wp\/v2\/posts\/380291","targetHints":{"allow":["GET"]}}],"collection":[{"href":"https:\/\/www.elplaneta.mx\/index.php?rest_route=\/wp\/v2\/posts"}],"about":[{"href":"https:\/\/www.elplaneta.mx\/index.php?rest_route=\/wp\/v2\/types\/post"}],"author":[{"embeddable":true,"href":"https:\/\/www.elplaneta.mx\/index.php?rest_route=\/wp\/v2\/users\/1"}],"replies":[{"embeddable":true,"href":"https:\/\/www.elplaneta.mx\/index.php?rest_route=%2Fwp%2Fv2%2Fcomments&post=380291"}],"version-history":[{"count":1,"href":"https:\/\/www.elplaneta.mx\/index.php?rest_route=\/wp\/v2\/posts\/380291\/revisions"}],"predecessor-version":[{"id":380293,"href":"https:\/\/www.elplaneta.mx\/index.php?rest_route=\/wp\/v2\/posts\/380291\/revisions\/380293"}],"wp:featuredmedia":[{"embeddable":true,"href":"https:\/\/www.elplaneta.mx\/index.php?rest_route=\/wp\/v2\/media\/380292"}],"wp:attachment":[{"href":"https:\/\/www.elplaneta.mx\/index.php?rest_route=%2Fwp%2Fv2%2Fmedia&parent=380291"}],"wp:term":[{"taxonomy":"category","embeddable":true,"href":"https:\/\/www.elplaneta.mx\/index.php?rest_route=%2Fwp%2Fv2%2Fcategories&post=380291"},{"taxonomy":"post_tag","embeddable":true,"href":"https:\/\/www.elplaneta.mx\/index.php?rest_route=%2Fwp%2Fv2%2Ftags&post=380291"}],"curies":[{"name":"wp","href":"https:\/\/api.w.org\/{rel}","templated":true}]}}