{"id":380294,"date":"2026-03-15T09:01:31","date_gmt":"2026-03-15T15:01:31","guid":{"rendered":"https:\/\/www.elplaneta.mx\/?p=380294"},"modified":"2026-03-15T09:01:35","modified_gmt":"2026-03-15T15:01:35","slug":"marchan-en-veracruz-exigiendo-la-localizacion-de-menor-desaparecida-el-9-de-marzo","status":"publish","type":"post","link":"https:\/\/www.elplaneta.mx\/?p=380294","title":{"rendered":"Marchan en Veracruz, exigiendo la localizaci\u00f3n de menor desaparecida el 9 de marzo"},"content":{"rendered":"<div class=\"wp-block-image\">\n<figure class=\"alignleft size-full is-resized\"><img loading=\"lazy\" decoding=\"async\" width=\"556\" height=\"450\" src=\"https:\/\/www.elplaneta.mx\/wp-content\/themes\/elplaneta\/FOTOS\/15V364684855.jpg\" alt=\"\" class=\"wp-image-380295\" style=\"width:461px;height:auto\" srcset=\"https:\/\/www.elplaneta.mx\/wp-content\/themes\/elplaneta\/FOTOS\/15V364684855.jpg 556w, https:\/\/www.elplaneta.mx\/wp-content\/themes\/elplaneta\/FOTOS\/15V364684855-300x243.jpg 300w\" sizes=\"auto, (max-width: 556px) 100vw, 556px\" \/><\/figure><\/div>\n\n\n<p>Xalapa, Veracruz, M\u00e9xico, Am\u00e9rica.- Familiares, amigos y conocidos de Camila Reyna Reyes, desaparecida el pasado 9 de marzo, se manifestaron y marcharon por las calles de la ciudad de Veracruz para exigir su pronta localizaci\u00f3n.<\/p>\n\n\n\n<p>Con pancartas, fichas de b\u00fasqueda y consignas, decenas de personas exigieron a las autoridades actuar lo antes posible, pues temen que la peque\u00f1a sea v\u00edctima de un pederasta que la acosaba desde hace varios meses.<\/p>\n\n\n\n<p>Alma Ruth Reyes madre de la menor, se dijo desesperada, pues hasta el momento la Fiscal\u00eda General del Estado de Veracruz no le ha mostrado avances en el caso, pues argumentan que el Poder Judicial no ha otorgado las \u00f3rdenes necesarias para realizar las diligencias de b\u00fasqueda.<\/p>\n\n\n\n<p>Se\u00f1al\u00f3 que su hija era acosada por un hombre de 19 a\u00f1os, primero en el puesto de tacos de la familia y luego a trav\u00e9s de una aplicaci\u00f3n de mensajer\u00eda, por lo que temen que \u00e9l sea el responsable de la desaparici\u00f3n.<\/p>\n\n\n\n<p>A\u00f1adi\u00f3 que descubrieron mensajes en el tel\u00e9fono de la menor en donde \u00e9ste aseguraba que \u201cse la iba a llevar\u201d o que \u201cla robar\u00eda\u201d, por lo que de manera preventiva le retiraron el celular a Camila, para tratar de evitar alg\u00fan peligro.<\/p>\n\n\n\n<p>\u201cAl momento que su t\u00edo la busc\u00f3, la ni\u00f1a ya no estaba en casa, (\u2026) las autoridades me han dicho que hay que esperar, que est\u00e1n en espera de la s\u00e1bana de llamadas y que el juez resuelva y de la autorizaci\u00f3n\u201d, dijo.<\/p>\n\n\n\n<p>Por ello insisti\u00f3 en que espera que pronto su hija regrese a casa y se encuentre con bien, pues aun es una ni\u00f1a y no puede tomar la decisi\u00f3n de irse por voluntad propia.<\/p>\n\n\n\n<p>Agreg\u00f3 que ella y sus allegados continuar\u00e1n con las tareas de b\u00fasqueda, aun cuando las autoridades se nieguen a realizar su obligaci\u00f3n para localizarla como marca la ley y de acuerdo con los protocolos existentes.<\/p>\n\n\n\n<p>Dijo que ya han buscado al hombre de 19 a\u00f1os, pero la familia de este se niega a revelar su ubicaci\u00f3n, adem\u00e1s de que temen pueda salir del estado pues es originario de Chiapas.<\/p>\n\n\n\n<p>\u201cQue me devuelva a mi hija, es lo \u00fanico que pido, yo quiero a mi hija de vuelta porque tiene 12 a\u00f1os y \u00e9l ya es un apersona adulta, es una ni\u00f1a que no sab\u00eda a ning\u00fan lado, ella est\u00e1 estudiando el primero de secundaria\u201d, agreg\u00f3 la angustiada madre.<\/p>\n\n\n\n<p>Camila tiene 12 a\u00f1os, mide 1.53 metros de altura, sus ojos con color caf\u00e9 oscuro y su cabello negro, largo, rizado; como se\u00f1as particulares tiene cicatrices en ambos antebrazos.<\/p>\n","protected":false},"excerpt":{"rendered":"<p>Xalapa, Veracruz, M\u00e9xico, Am\u00e9rica.- Familiares, amigos y conocidos de Camila Reyna Reyes, desaparecida el pasado&#8230;<\/p>\n","protected":false},"author":1,"featured_media":380295,"comment_status":"open","ping_status":"open","sticky":false,"template":"","format":"standard","meta":{"footnotes":""},"categories":[130],"tags":[],"class_list":["post-380294","post","type-post","status-publish","format-standard","has-post-thumbnail","hentry","category-nacional"],"gutentor_comment":0,"_links":{"self":[{"href":"https:\/\/www.elplaneta.mx\/index.php?rest_route=\/wp\/v2\/posts\/380294","targetHints":{"allow":["GET"]}}],"collection":[{"href":"https:\/\/www.elplaneta.mx\/index.php?rest_route=\/wp\/v2\/posts"}],"about":[{"href":"https:\/\/www.elplaneta.mx\/index.php?rest_route=\/wp\/v2\/types\/post"}],"author":[{"embeddable":true,"href":"https:\/\/www.elplaneta.mx\/index.php?rest_route=\/wp\/v2\/users\/1"}],"replies":[{"embeddable":true,"href":"https:\/\/www.elplaneta.mx\/index.php?rest_route=%2Fwp%2Fv2%2Fcomments&post=380294"}],"version-history":[{"count":1,"href":"https:\/\/www.elplaneta.mx\/index.php?rest_route=\/wp\/v2\/posts\/380294\/revisions"}],"predecessor-version":[{"id":380296,"href":"https:\/\/www.elplaneta.mx\/index.php?rest_route=\/wp\/v2\/posts\/380294\/revisions\/380296"}],"wp:featuredmedia":[{"embeddable":true,"href":"https:\/\/www.elplaneta.mx\/index.php?rest_route=\/wp\/v2\/media\/380295"}],"wp:attachment":[{"href":"https:\/\/www.elplaneta.mx\/index.php?rest_route=%2Fwp%2Fv2%2Fmedia&parent=380294"}],"wp:term":[{"taxonomy":"category","embeddable":true,"href":"https:\/\/www.elplaneta.mx\/index.php?rest_route=%2Fwp%2Fv2%2Fcategories&post=380294"},{"taxonomy":"post_tag","embeddable":true,"href":"https:\/\/www.elplaneta.mx\/index.php?rest_route=%2Fwp%2Fv2%2Ftags&post=380294"}],"curies":[{"name":"wp","href":"https:\/\/api.w.org\/{rel}","templated":true}]}}