{"id":380300,"date":"2026-03-15T09:38:04","date_gmt":"2026-03-15T15:38:04","guid":{"rendered":"https:\/\/www.elplaneta.mx\/?p=380300"},"modified":"2026-03-15T09:38:11","modified_gmt":"2026-03-15T15:38:11","slug":"miles-marcharon-en-espana-apoyando-no-permitir-a-estados-unidos-usar-bases-militares","status":"publish","type":"post","link":"https:\/\/www.elplaneta.mx\/?p=380300","title":{"rendered":"Miles Marcharon en Espa\u00f1a, apoyando no permitir a Estados Unidos, usar bases militares"},"content":{"rendered":"<div class=\"wp-block-image\">\n<figure class=\"alignleft size-full\"><img loading=\"lazy\" decoding=\"async\" width=\"456\" height=\"320\" src=\"https:\/\/www.elplaneta.mx\/wp-content\/themes\/elplaneta\/FOTOS\/15E236467894747.jpg\" alt=\"\" class=\"wp-image-380301\" srcset=\"https:\/\/www.elplaneta.mx\/wp-content\/themes\/elplaneta\/FOTOS\/15E236467894747.jpg 456w, https:\/\/www.elplaneta.mx\/wp-content\/themes\/elplaneta\/FOTOS\/15E236467894747-300x211.jpg 300w\" sizes=\"auto, (max-width: 456px) 100vw, 456px\" \/><\/figure><\/div>\n\n\n<p>Madrid, Espa\u00f1a, Europa.- Miles de personas marcharon en Espa\u00f1a contra los ataques de Israel y Estados Unidos en Ir\u00e1n, motivados por la postura del presidente espa\u00f1ol, Pedro S\u00e1nchez, de no autorizar a Washington el uso de bases militares en su territorio. Los manifestantes tambi\u00e9n condenaron los cr\u00edmenes \u201cdel r\u00e9gimen de los ayatollah\u201d. Las sedes diplom\u00e1ticas de Washington y Tel Aviv solicitaron reforzar la seguridad de sus embajadas y consulados.<\/p>\n\n\n\n<p>El hist\u00f3rico grito del \u201cNo a la guerra\u201d, mismo que congreg\u00f3 a millones de personas en 2004 contra la ocupaci\u00f3n b\u00e9lica de Irak, se volvi\u00f3 a escuchar en las calles espa\u00f1olas, esta vez contra los bombardeos israelo-estadunidenses contra Ir\u00e1n.<\/p>\n\n\n\n<p>Hubo m\u00e1s de 150 concentraciones a lo largo y ancho del pa\u00eds; en Madrid se registr\u00f3 la m\u00e1s multitudinaria, con m\u00e1s de 5 mil personas que repudiaron los \u201csalvajes bombardeos\u201d y la vulneraci\u00f3n de la legalidad internacional por parte de los dos pa\u00edses atacantes en la c\u00e9ntrica plaza de Juan Goytisolo, a un costado del museo Reina Sof\u00eda, donde se encuentra uno de los s\u00edmbolos internacional contra la guerra, el cuadro El Guernica, de Pablo Picasso.<\/p>\n\n\n\n<p>Las protestas fueron convocadas por numerosas plataformas, asociaciones y partidos de izquierda, que activaron la movilizaci\u00f3n social a ra\u00edz de la postura de S\u00e1nchez, quien al negar a Estados Unidos la utilizaci\u00f3n de dos bases militares en territorio espa\u00f1ol, en Rota y Mor\u00f3n de la Frontera, en Andaluc\u00eda, si la operaci\u00f3n no estaba amparada por la legalidad internacional, provoc\u00f3 la ira del presidente estadunidense, Donald Trump. El magnate tild\u00f3 a Espa\u00f1a de \u201caliado terrible\u201d y amenaz\u00f3 con sanciones econ\u00f3micas y con suspender el intercambio comercial.<\/p>\n\n\n\n<p>A la iniciativa se sumaron personalidades de la cultura, el periodismo y el deporte, como el director de cine Pedro Almod\u00f3var, los actores Luis Tosar y Juan Echanove, los cantantes Joan Manuel Serrat y Miguel R\u00edos, la periodista Rosa Mar\u00eda Calaf, entre otros.<\/p>\n\n\n\n<p>El comunicado, que se ley\u00f3 en las 150 concentraciones, calific\u00f3 la ofensiva contra Ir\u00e1n como \u201cuna violaci\u00f3n del derecho y la legalidad internacional. Llamamos a las y los dem\u00f3cratas a condenar esta agresi\u00f3n, defender el derecho internacional y trabajar por una paz justa y duradera en Medio Oriente, que debe incluir el fin del genocidio en Gaza y el reconocimiento de los derechos del pueblo palestino de acuerdo con la legalidad internacional\u201d.<\/p>\n\n\n\n<p>Adem\u00e1s conden\u00f3 \u201ccon energ\u00eda el r\u00e9gimen criminal de los ayatollah y el asesinato de miles de personas en los \u00faltimos meses\u201d pero advirti\u00f3 que \u201ces el pueblo iran\u00ed el que debe decidir su futuro. Todo nuestro apoyo al pueblo iran\u00ed, y en especial a las mujeres, en su lucha por la democracia y la igualdad\u201d.<\/p>\n\n\n\n<p>Los gobiernos estadunidense e israel\u00ed instaron a sus ciudadanos en Espa\u00f1a a reforzar su \u201cseguridad\u201d y solicitaron un incremento en el dispositivo en torno a sus embajadas y consulados ante el temor de ataques de los manifestantes.<\/p>\n\n\n\n<p>En la noche del viernes dos individuos que llegaron y huyeron en un scooter colocaron un artefacto explosivo junto al muro de una escuela jud\u00eda de \u00c1msterdam, que caus\u00f3 da\u00f1os leves.<\/p>\n\n\n\n<p>La alcaldesa Femke Halsema dijo que los residentes jud\u00edos de \u00c1msterdam sienten \u201cmiedo e ira\u201d y que cada vez son m\u00e1s blanco del antisemitismo.<\/p>\n\n\n\n<p>\u201cDos noches seguidas, un cobarde ataque con un explosivo contra un edificio jud\u00edo. Primero en R\u00f3terdam, ahora en \u00c1msterdam\u201d, public\u00f3 en X el ministro holand\u00e9s de Justicia y Seguridad, David van Weel. La seguridad de las instituciones jud\u00edas tiene toda nuestra atenci\u00f3n. Est\u00e1 en marcha una investigaci\u00f3n para dar con los responsables\u201d.<\/p>\n","protected":false},"excerpt":{"rendered":"<p>Madrid, Espa\u00f1a, Europa.- Miles de personas marcharon en Espa\u00f1a contra los ataques de Israel y&#8230;<\/p>\n","protected":false},"author":1,"featured_media":380301,"comment_status":"open","ping_status":"open","sticky":false,"template":"","format":"standard","meta":{"footnotes":""},"categories":[4],"tags":[],"class_list":["post-380300","post","type-post","status-publish","format-standard","has-post-thumbnail","hentry","category-local"],"gutentor_comment":0,"_links":{"self":[{"href":"https:\/\/www.elplaneta.mx\/index.php?rest_route=\/wp\/v2\/posts\/380300","targetHints":{"allow":["GET"]}}],"collection":[{"href":"https:\/\/www.elplaneta.mx\/index.php?rest_route=\/wp\/v2\/posts"}],"about":[{"href":"https:\/\/www.elplaneta.mx\/index.php?rest_route=\/wp\/v2\/types\/post"}],"author":[{"embeddable":true,"href":"https:\/\/www.elplaneta.mx\/index.php?rest_route=\/wp\/v2\/users\/1"}],"replies":[{"embeddable":true,"href":"https:\/\/www.elplaneta.mx\/index.php?rest_route=%2Fwp%2Fv2%2Fcomments&post=380300"}],"version-history":[{"count":1,"href":"https:\/\/www.elplaneta.mx\/index.php?rest_route=\/wp\/v2\/posts\/380300\/revisions"}],"predecessor-version":[{"id":380302,"href":"https:\/\/www.elplaneta.mx\/index.php?rest_route=\/wp\/v2\/posts\/380300\/revisions\/380302"}],"wp:featuredmedia":[{"embeddable":true,"href":"https:\/\/www.elplaneta.mx\/index.php?rest_route=\/wp\/v2\/media\/380301"}],"wp:attachment":[{"href":"https:\/\/www.elplaneta.mx\/index.php?rest_route=%2Fwp%2Fv2%2Fmedia&parent=380300"}],"wp:term":[{"taxonomy":"category","embeddable":true,"href":"https:\/\/www.elplaneta.mx\/index.php?rest_route=%2Fwp%2Fv2%2Fcategories&post=380300"},{"taxonomy":"post_tag","embeddable":true,"href":"https:\/\/www.elplaneta.mx\/index.php?rest_route=%2Fwp%2Fv2%2Ftags&post=380300"}],"curies":[{"name":"wp","href":"https:\/\/api.w.org\/{rel}","templated":true}]}}