{"id":380320,"date":"2026-03-16T09:43:46","date_gmt":"2026-03-16T15:43:46","guid":{"rendered":"https:\/\/www.elplaneta.mx\/?p=380320"},"modified":"2026-03-16T09:43:50","modified_gmt":"2026-03-16T15:43:50","slug":"imponen-toque-de-queda-en-provincias-de-ecuador-para-combatir-al-crimen-organizado","status":"publish","type":"post","link":"https:\/\/www.elplaneta.mx\/?p=380320","title":{"rendered":"Imponen toque de queda en provincias de Ecuador, para combatir al crimen organizado"},"content":{"rendered":"<div class=\"wp-block-image\">\n<figure class=\"alignleft size-full\"><img loading=\"lazy\" decoding=\"async\" width=\"450\" height=\"300\" src=\"https:\/\/www.elplaneta.mx\/wp-content\/themes\/elplaneta\/FOTOS\/16E356495685678.jpg\" alt=\"\" class=\"wp-image-380321\" srcset=\"https:\/\/www.elplaneta.mx\/wp-content\/themes\/elplaneta\/FOTOS\/16E356495685678.jpg 450w, https:\/\/www.elplaneta.mx\/wp-content\/themes\/elplaneta\/FOTOS\/16E356495685678-300x200.jpg 300w\" sizes=\"auto, (max-width: 450px) 100vw, 450px\" \/><\/figure><\/div>\n\n\n<p>Quito, Ecuador, Am\u00e9rica.- Desde la noche de este domingo hay vigente un toque de queda en cuatro provincias costeras de Ecuador afectadas por la violencia criminal, una medida decretada por el Gobierno para los pr\u00f3ximos 16 d\u00edas con el objetivo de reforzar la lucha contra el crimen organizado.<\/p>\n\n\n\n<p>La disposici\u00f3n fue ordenada mediante decreto ejecutivo por el presidente Daniel Noboa. Y estar\u00e1 vigente del 15 al 31 de marzo, entre las 23:00 y 05:00 hora local, en las provincias de Guayas, Los R\u00edos, El Oro y Santo Domingo de los Ts\u00e1chilas.<\/p>\n\n\n\n<p>El mandatario ecuatoriano asegur\u00f3 que la decisi\u00f3n forma parte de una nueva fase de la estrategia gubernamental para enfrentar al crimen organizado, que tambi\u00e9n contemplar\u00e1 cooperaci\u00f3n internacional.<\/p>\n\n\n\n<p>Seg\u00fan las autoridades, el objetivo del toque de queda es reducir la presencia de civiles en las calles durante la madrugada para que las Fuerzas Armadas y la Polic\u00eda Nacional puedan destinar menos personal al patrullaje y concentrarse en operativos t\u00e1cticos directos contra las estructuras criminales y sus econom\u00edas ilegales.<\/p>\n\n\n\n<p>El Ministerio del Interior precis\u00f3 que la medida suspende la libertad de tr\u00e1nsito y establece penas de uno a tres a\u00f1os para quienes la incumplan sin justificaci\u00f3n.<\/p>\n\n\n\n<p>El comandante de la Polic\u00eda Nacional, Pablo D\u00e1vila, pidi\u00f3 comprensi\u00f3n a la ciudadan\u00eda durante el toque de queda, aclarando que habr\u00e1 excepciones por motivos de fuerza mayor. Y destac\u00f3 que la medida busca enfrentar a grupos de delincuencia organizada y redes de narcotr\u00e1fico en el pa\u00eds.<\/p>\n\n\n\n<p>La medida del toque de queda contempla excepciones para personal de salud, fuerza p\u00fablica, entidades de seguridad y organismos de gesti\u00f3n de riesgos.<\/p>\n\n\n\n<p>Tambi\u00e9n podr\u00e1n movilizarse en ese horario los pasajeros y trabajadores vinculados a vuelos internacionales desde y hacia el Aeropuerto Internacional Jos\u00e9 Joaqu\u00edn de Olmedo, en la ciudad suroccidental ecuatoriana de Guayaquil, quienes deber\u00e1n presentar su tarjeta de embarque o credencial institucional.<\/p>\n\n\n\n<p>Ecuador enfrenta desde enero de 2024 un \u00abconflicto armado interno\u00bb declarado por el Gobierno contra bandas vinculadas al narcotr\u00e1fico calificadas como \u00abterroristas\u00bb.<\/p>\n","protected":false},"excerpt":{"rendered":"<p>Quito, Ecuador, Am\u00e9rica.- Desde la noche de este domingo hay vigente un toque de queda&#8230;<\/p>\n","protected":false},"author":1,"featured_media":380321,"comment_status":"open","ping_status":"open","sticky":false,"template":"","format":"standard","meta":{"footnotes":""},"categories":[139],"tags":[],"class_list":["post-380320","post","type-post","status-publish","format-standard","has-post-thumbnail","hentry","category-continental"],"gutentor_comment":0,"_links":{"self":[{"href":"https:\/\/www.elplaneta.mx\/index.php?rest_route=\/wp\/v2\/posts\/380320","targetHints":{"allow":["GET"]}}],"collection":[{"href":"https:\/\/www.elplaneta.mx\/index.php?rest_route=\/wp\/v2\/posts"}],"about":[{"href":"https:\/\/www.elplaneta.mx\/index.php?rest_route=\/wp\/v2\/types\/post"}],"author":[{"embeddable":true,"href":"https:\/\/www.elplaneta.mx\/index.php?rest_route=\/wp\/v2\/users\/1"}],"replies":[{"embeddable":true,"href":"https:\/\/www.elplaneta.mx\/index.php?rest_route=%2Fwp%2Fv2%2Fcomments&post=380320"}],"version-history":[{"count":1,"href":"https:\/\/www.elplaneta.mx\/index.php?rest_route=\/wp\/v2\/posts\/380320\/revisions"}],"predecessor-version":[{"id":380322,"href":"https:\/\/www.elplaneta.mx\/index.php?rest_route=\/wp\/v2\/posts\/380320\/revisions\/380322"}],"wp:featuredmedia":[{"embeddable":true,"href":"https:\/\/www.elplaneta.mx\/index.php?rest_route=\/wp\/v2\/media\/380321"}],"wp:attachment":[{"href":"https:\/\/www.elplaneta.mx\/index.php?rest_route=%2Fwp%2Fv2%2Fmedia&parent=380320"}],"wp:term":[{"taxonomy":"category","embeddable":true,"href":"https:\/\/www.elplaneta.mx\/index.php?rest_route=%2Fwp%2Fv2%2Fcategories&post=380320"},{"taxonomy":"post_tag","embeddable":true,"href":"https:\/\/www.elplaneta.mx\/index.php?rest_route=%2Fwp%2Fv2%2Ftags&post=380320"}],"curies":[{"name":"wp","href":"https:\/\/api.w.org\/{rel}","templated":true}]}}