{"id":380345,"date":"2026-03-16T10:55:41","date_gmt":"2026-03-16T16:55:41","guid":{"rendered":"https:\/\/www.elplaneta.mx\/?p=380345"},"modified":"2026-03-16T10:55:45","modified_gmt":"2026-03-16T16:55:45","slug":"iran-lanza-misiles-de-gran-alcance-contra-centros-de-mando-de-israel","status":"publish","type":"post","link":"https:\/\/www.elplaneta.mx\/?p=380345","title":{"rendered":"Ir\u00e1n, lanza misiles de gran alcance contra centros de mando de Israel"},"content":{"rendered":"<div class=\"wp-block-image\">\n<figure class=\"alignleft size-full\"><img loading=\"lazy\" decoding=\"async\" width=\"412\" height=\"275\" src=\"https:\/\/www.elplaneta.mx\/wp-content\/themes\/elplaneta\/FOTOS\/16I4654867866.jpg\" alt=\"\" class=\"wp-image-380346\" srcset=\"https:\/\/www.elplaneta.mx\/wp-content\/themes\/elplaneta\/FOTOS\/16I4654867866.jpg 412w, https:\/\/www.elplaneta.mx\/wp-content\/themes\/elplaneta\/FOTOS\/16I4654867866-300x200.jpg 300w\" sizes=\"auto, (max-width: 412px) 100vw, 412px\" \/><\/figure><\/div>\n\n\n<p>Teher\u00e1n, Ir\u00e1n, Asia.- El ej\u00e9rcito iran\u00ed inform\u00f3 en un comunicado ayer que lanz\u00f3 drones contra centros de seguridad israel\u00edes, incluida la unidad policial Lahav 433 y un centro de comunicaciones por sat\u00e9lite, as\u00ed como misiles de gran alcance contra infraestructuras militares y de mando.<\/p>\n\n\n\n<p>Tambi\u00e9n atac\u00f3 la base a\u00e9rea Ali Al Salem, en Kuwait, donde operan fuerzas de Italia y Estados Unidos, e impact\u00f3 un hangar de la Task Force Air italiana y destruy\u00f3 un avi\u00f3n pilotado a distancia, informaron autoridades italianas.<\/p>\n\n\n\n<p>La base estadunidense Victoria situada en el per\u00edmetro del aeropuerto internacional de Bagdad y la misma terminal a\u00e9rea, que alberga a una misi\u00f3n de diplom\u00e1ticos estadunidenses, volvieron a ser blanco de ataques iran\u00edes, mientras Bahr\u00e9in, Qatar y Arabia Saudita reportaron haber interceptado misiles y drones en sus territorios, public\u00f3 Al Jazeera. Riad asegur\u00f3 que derrib\u00f3 34 drones en s\u00f3lo una hora.<\/p>\n\n\n\n<p>En Dub\u00e1i, las autoridades sofocaron un incendio provocado por un dron en las inmediaciones del aeropuerto internacional de la capital de Emiratos \u00c1rabes Unidos, indic\u00f3 Al Jazeera. Al cierre de la edici\u00f3n se report\u00f3 el cierre de esa terminal.<\/p>\n\n\n\n<p>A pesar de los continuos bombardeos de Estados Unidos e Israel, la vida comenz\u00f3 a mostrar cierta normalidad con mayor tr\u00e1nsito en Teher\u00e1n, fue reabierto parcialmente el gran bazar de Tayrish, un popular centro comercial, a pocos d\u00edas del A\u00f1o Nuevo persa, y algunos caf\u00e9s y restaurantes.<\/p>\n\n\n\n<p>Algunas personas esperaron frente a los cajeros para retirar dinero y otros en las paradas de autob\u00fas, las cuales estuvieron pr\u00e1cticamente desiertas desde que comenz\u00f3 la guerra, el 28 de febrero.<\/p>\n\n\n\n<p>El canciller iran\u00ed, Abbas Araghchi, rechaz\u00f3 en declaraciones a Face the Nation, de CBS News, que su pa\u00eds haya solicitado un alto el fuego, y subray\u00f3 que no ha buscado negociaciones con Washington al afirmar que no ve garant\u00edas de que los ataques cesen definitivamente, al recordar que tras los bombardeos de 2025, Israel y Estados Unidos retomaron las operaciones militares contra la rep\u00fablica isl\u00e1mica a\u00fan cuando hab\u00eda negociaciones.<\/p>\n\n\n\n<p>Se\u00f1al\u00f3 que Teher\u00e1n est\u00e1 preparado para defenderse \u201cel tiempo que sea necesario\u201d contra lo que describi\u00f3 como una \u201cguerra ilegal\u201d y continuar\u00e1 con sus operaciones hasta que el presidente de Estados Unidos, Donald Trump, \u201cse d\u00e9 cuenta de que esta es un conflicto, sin posibilidad de victoria\u201d.<\/p>\n\n\n\n<p>En cuanto al estrecho de Ormuz, el jefe de la diplomacia iran\u00ed indic\u00f3 que \u201ccorresponde a nuestro ej\u00e9rcito definir eso y ya ha decidido permitir el paso a un grupo de buques pertenecientes a distintos pa\u00edses\u201d.<\/p>\n\n\n\n<p>Sobre el tema nuclear, Araghchi reiter\u00f3 que Teher\u00e1n nunca ha buscado poseer armas at\u00f3micas.<\/p>\n\n\n\n<p>Adem\u00e1s de revelar que Ir\u00e1n acept\u00f3 diluir su uranio enriquecido durante las conversaciones con Estados Unidos previas al ataque, el ministro asegur\u00f3 que tales materiales est\u00e1n actualmente \u201cbajo los escombros\u201d, luego de los ataques contra sus instalaciones nucleares, e insisti\u00f3 en que no hay planes de recuperar las reservas del mineral radiactivo de los sitios da\u00f1ados.<\/p>\n\n\n\n<p>En el medio en lengua \u00e1rabe Al Araby Al Jadeed, Araghchi llam\u00f3 a los otros pa\u00edses \u201cabstenerse de cualquier acci\u00f3n que pueda llevar a una escalada\u201d, y asegur\u00f3 que tiene \u201cmuchas pruebas\u201d de que las bases estadunidenses de Medio Oriente se utilizaron para atacar a su pa\u00eds, al citar a Emiratos \u00c1rabes Unidos.<\/p>\n\n\n\n<p>El presidente de Ir\u00e1n, Masoud Pezeshkian, asever\u00f3 en una conversaci\u00f3n telef\u00f3nica con su hom\u00f3logo franc\u00e9s, Emmanuel Macron, que la rep\u00fablica isl\u00e1mica no vacila a la hora de hacer frente a Estados Unidos e Israel y de defender \u201cde manera decisiva y leg\u00edtima\u201d su integridad territorial y su seguridad nacional.<\/p>\n\n\n\n<p>Macron coment\u00f3 en X que inst\u00f3 a Pezeshkian a poner fin \u201cde inmediato a los inaceptables ataques que Ir\u00e1n realiza contra pa\u00edses de la regi\u00f3n, ya sea directamente o mediante grupos interpuestos, incluidos L\u00edbano e Irak\u201d.<\/p>\n\n\n\n<p>La polic\u00eda de la rep\u00fablica isl\u00e1mica indic\u00f3 que se han detenido a 500 personas acusadas de compartir informaci\u00f3n con el enemigo, public\u00f3 The Jerusalem Post.<\/p>\n\n\n\n<p>Tel Aviv est\u00e1 a la espera de aprobar la movilizaci\u00f3n a gran escala de 450 mil reservistas ante una posible guerra terrestre en L\u00edbano, report\u00f3 la emisora p\u00fablica israel\u00ed public Broadcaster reports.<\/p>\n\n\n\n<p>El ej\u00e9rcito israel\u00ed anunci\u00f3 nuevas oleada de ataques contra Ir\u00e1n, despu\u00e9s de que los Guardianes de la Revoluci\u00f3n iran\u00edes calificaron al primer ministro y pr\u00f3fugo de la Corte Penal Internacional, Benjamin Netanyahu, de criminal y juraran perseguirlo y matarlo.<\/p>\n","protected":false},"excerpt":{"rendered":"<p>Teher\u00e1n, Ir\u00e1n, Asia.- El ej\u00e9rcito iran\u00ed inform\u00f3 en un comunicado ayer que lanz\u00f3 drones contra&#8230;<\/p>\n","protected":false},"author":1,"featured_media":380346,"comment_status":"open","ping_status":"open","sticky":false,"template":"","format":"standard","meta":{"footnotes":""},"categories":[4],"tags":[],"class_list":["post-380345","post","type-post","status-publish","format-standard","has-post-thumbnail","hentry","category-local"],"gutentor_comment":0,"_links":{"self":[{"href":"https:\/\/www.elplaneta.mx\/index.php?rest_route=\/wp\/v2\/posts\/380345","targetHints":{"allow":["GET"]}}],"collection":[{"href":"https:\/\/www.elplaneta.mx\/index.php?rest_route=\/wp\/v2\/posts"}],"about":[{"href":"https:\/\/www.elplaneta.mx\/index.php?rest_route=\/wp\/v2\/types\/post"}],"author":[{"embeddable":true,"href":"https:\/\/www.elplaneta.mx\/index.php?rest_route=\/wp\/v2\/users\/1"}],"replies":[{"embeddable":true,"href":"https:\/\/www.elplaneta.mx\/index.php?rest_route=%2Fwp%2Fv2%2Fcomments&post=380345"}],"version-history":[{"count":1,"href":"https:\/\/www.elplaneta.mx\/index.php?rest_route=\/wp\/v2\/posts\/380345\/revisions"}],"predecessor-version":[{"id":380347,"href":"https:\/\/www.elplaneta.mx\/index.php?rest_route=\/wp\/v2\/posts\/380345\/revisions\/380347"}],"wp:featuredmedia":[{"embeddable":true,"href":"https:\/\/www.elplaneta.mx\/index.php?rest_route=\/wp\/v2\/media\/380346"}],"wp:attachment":[{"href":"https:\/\/www.elplaneta.mx\/index.php?rest_route=%2Fwp%2Fv2%2Fmedia&parent=380345"}],"wp:term":[{"taxonomy":"category","embeddable":true,"href":"https:\/\/www.elplaneta.mx\/index.php?rest_route=%2Fwp%2Fv2%2Fcategories&post=380345"},{"taxonomy":"post_tag","embeddable":true,"href":"https:\/\/www.elplaneta.mx\/index.php?rest_route=%2Fwp%2Fv2%2Ftags&post=380345"}],"curies":[{"name":"wp","href":"https:\/\/api.w.org\/{rel}","templated":true}]}}