{"id":382268,"date":"2026-04-26T13:54:32","date_gmt":"2026-04-26T19:54:32","guid":{"rendered":"https:\/\/www.elplaneta.mx\/?p=382268"},"modified":"2026-04-26T13:54:36","modified_gmt":"2026-04-26T19:54:36","slug":"goran-babic-una-de-las-figuras-mas-controvertidas-del-panorama-cultural-ha-fallecido","status":"publish","type":"post","link":"https:\/\/www.elplaneta.mx\/?p=382268","title":{"rendered":"Goran Babi\u0107, una de las figuras m\u00e1s controvertidas del panorama cultural, ha fallecido"},"content":{"rendered":"<div class=\"wp-block-image\">\n<figure class=\"alignleft size-full is-resized\"><img loading=\"lazy\" decoding=\"async\" width=\"500\" height=\"500\" src=\"https:\/\/www.elplaneta.mx\/wp-content\/themes\/elplaneta\/FOTOS\/26C36496868.jpeg\" alt=\"\" class=\"wp-image-382269\" style=\"width:392px;height:auto\" srcset=\"https:\/\/www.elplaneta.mx\/wp-content\/themes\/elplaneta\/FOTOS\/26C36496868.jpeg 500w, https:\/\/www.elplaneta.mx\/wp-content\/themes\/elplaneta\/FOTOS\/26C36496868-300x300.jpeg 300w, https:\/\/www.elplaneta.mx\/wp-content\/themes\/elplaneta\/FOTOS\/26C36496868-150x150.jpeg 150w\" sizes=\"auto, (max-width: 500px) 100vw, 500px\" \/><\/figure><\/div>\n\n\n<p>Zagreb, Croacia, Europa.- La muerte del poeta Goran Babi\u0107, cuya vida fue compleja y pol\u00e9mica, ha reavivado el debate sobre su papel en la historia cultural y pol\u00edtica de Croacia y Yugoslavia.<\/p>\n\n\n\n<p>Seg\u00fan informaci\u00f3n publicada por algunos portales el domingo 26 de abril, Babi\u0107 falleci\u00f3 en Belgrado. Seg\u00fan Jutarnji list, Milorad Pupovac fue uno de los primeros en enterarse de la noticia, quien se la comunic\u00f3 a Dejan Jovi\u0107, y posteriormente se public\u00f3 en redes sociales.<\/p>\n\n\n\n<p>\u00abGoran Babi\u0107 naci\u00f3 en 1944 en Vis, en la isla de Vis. Pas\u00f3 su juventud en Dalmacia y Herzegovina, y su madurez en Zagreb y, desde 1990, en Belgrado. Public\u00f3 cerca de cien obras de ficci\u00f3n y no ficci\u00f3n y realiz\u00f3 una docena de documentales. Lo m\u00e1s valioso que dejar\u00e1 como legado son sus tres hijas y sus nietos, y se considera el \u00faltimo gran escritor de la literatura yugoslava\u00bb, escribe Fraktura.<\/p>\n\n\n\n<p>Babi\u0107 fue una figura prominente, pero tambi\u00e9n controvertida, a lo largo de su vida. Su vida p\u00fablica comenz\u00f3 a finales de los a\u00f1os 60 y principios de los 70, cuando dirigi\u00f3 el Centro de Actividades Sociales de la Juventud Socialista y particip\u00f3 en la publicaci\u00f3n de las obras de j\u00f3venes autores de la \u00e9poca. Durante ese periodo, parte del p\u00fablico lo consideraba el \u00abpoeta de la Primavera Croata\u00bb, sobre todo por el poema \u00ab\u00bfArde Croacia?\u00bb, que adquiri\u00f3 relevancia pol\u00edtica en aquel momento.<\/p>\n\n\n\n<p>Tras el colapso de la Primavera Croata, la percepci\u00f3n del papel de Babi\u0107 cambi\u00f3 significativamente. Sus cr\u00edticos lo acusaron de tener estrechos v\u00ednculos con las autoridades de la \u00e9poca, y en 1973 se convirti\u00f3 en editor de la revista cultural \u00abOko\u00bb, lo que consolid\u00f3 su posici\u00f3n dentro del sistema entonces establecido.<\/p>\n\n\n\n<p>La etapa m\u00e1s controvertida de su vida est\u00e1 relacionada con el per\u00edodo de la desintegraci\u00f3n de Yugoslavia y las guerras de la d\u00e9cada de 1990. En v\u00edsperas del conflicto, Babi\u0107 se traslad\u00f3 a Belgrado, donde residi\u00f3 el resto de su vida. Sus decisiones pol\u00edticas y apariciones p\u00fablicas durante ese per\u00edodo provocaron reacciones en Croacia, y parte de la poblaci\u00f3n lo consider\u00f3 un s\u00edmbolo de la agitaci\u00f3n pol\u00edtica y del abandono de posturas anteriores.<\/p>\n\n\n\n<p>No tuvo una presencia p\u00fablica destacada en Serbia y acab\u00f3 cayendo en el olvido, mientras que en el \u00e1mbito p\u00fablico croata solo se le mencionaba ocasionalmente, sobre todo en el contexto de debates sobre el papel de los intelectuales en las convulsiones pol\u00edticas.<\/p>\n\n\n\n<p>Jergovi\u0107 sobre Babi\u0107<\/p>\n\n\n\n<p>El escritor Miljenko Jergovi\u0107 se refiri\u00f3 a su personalidad y obra en 2008, describi\u00e9ndolo como un ejemplo singular de emigrado pol\u00edtico entre los escritores croatas, cuya vida estuvo marcada por profundas divisiones y controversias.<\/p>\n\n\n\n<p>En un art\u00edculo titulado \u00abEl gran traidor y poeta croata\u00bb, Jergovi\u0107 escribi\u00f3:<\/p>\n\n\n\n<p>\u00abA muchos se les ha atribuido este papel, pero Goran Babi\u0107 es el \u00fanico disidente y emigrado pol\u00edtico aut\u00e9ntico desde la creaci\u00f3n de la Croacia independiente. Poco antes del estallido de la guerra, huy\u00f3 a Serbia, donde apoy\u00f3 incondicionalmente a Milo\u0161evi\u0107, particip\u00f3 activamente en lo que se autodenomin\u00f3 el gobierno croata en el exilio, recorri\u00f3 los campos de batalla bosnios con el ej\u00e9rcito serbio y escribi\u00f3 reportajes en Duga, sin cambiar jam\u00e1s su opini\u00f3n sobre las guerras de la d\u00e9cada de 1990, ni modificarla de acuerdo con las ideas de una Serbia civil y democr\u00e1tica\u00bb.<\/p>\n\n\n\n<p>Este hijo de Herzegovina, un croata de lo m\u00e1s bajo, desde el punto de vista de la cultura croata viva, as\u00ed como desde el punto de vista de la sociedad que emerg\u00eda cuando se form\u00f3 el Estado independiente, sobre la tierra arrasada, tanto f\u00edsica como espiritualmente, por la agresi\u00f3n a la que el pa\u00eds fue expuesto en 1991, es un traidor en todo el sentido de la palabra. Y el \u00fanico de su clase y con ese nombre.<\/p>\n","protected":false},"excerpt":{"rendered":"<p>Zagreb, Croacia, Europa.- La muerte del poeta Goran Babi\u0107, cuya vida fue compleja y pol\u00e9mica,&#8230;<\/p>\n","protected":false},"author":1,"featured_media":382269,"comment_status":"open","ping_status":"open","sticky":false,"template":"","format":"standard","meta":{"footnotes":""},"categories":[151],"tags":[],"class_list":["post-382268","post","type-post","status-publish","format-standard","has-post-thumbnail","hentry","category-espectaculos"],"gutentor_comment":0,"_links":{"self":[{"href":"https:\/\/www.elplaneta.mx\/index.php?rest_route=\/wp\/v2\/posts\/382268","targetHints":{"allow":["GET"]}}],"collection":[{"href":"https:\/\/www.elplaneta.mx\/index.php?rest_route=\/wp\/v2\/posts"}],"about":[{"href":"https:\/\/www.elplaneta.mx\/index.php?rest_route=\/wp\/v2\/types\/post"}],"author":[{"embeddable":true,"href":"https:\/\/www.elplaneta.mx\/index.php?rest_route=\/wp\/v2\/users\/1"}],"replies":[{"embeddable":true,"href":"https:\/\/www.elplaneta.mx\/index.php?rest_route=%2Fwp%2Fv2%2Fcomments&post=382268"}],"version-history":[{"count":1,"href":"https:\/\/www.elplaneta.mx\/index.php?rest_route=\/wp\/v2\/posts\/382268\/revisions"}],"predecessor-version":[{"id":382270,"href":"https:\/\/www.elplaneta.mx\/index.php?rest_route=\/wp\/v2\/posts\/382268\/revisions\/382270"}],"wp:featuredmedia":[{"embeddable":true,"href":"https:\/\/www.elplaneta.mx\/index.php?rest_route=\/wp\/v2\/media\/382269"}],"wp:attachment":[{"href":"https:\/\/www.elplaneta.mx\/index.php?rest_route=%2Fwp%2Fv2%2Fmedia&parent=382268"}],"wp:term":[{"taxonomy":"category","embeddable":true,"href":"https:\/\/www.elplaneta.mx\/index.php?rest_route=%2Fwp%2Fv2%2Fcategories&post=382268"},{"taxonomy":"post_tag","embeddable":true,"href":"https:\/\/www.elplaneta.mx\/index.php?rest_route=%2Fwp%2Fv2%2Ftags&post=382268"}],"curies":[{"name":"wp","href":"https:\/\/api.w.org\/{rel}","templated":true}]}}